{"id":85491,"date":"2020-05-14T07:06:00","date_gmt":"2020-05-14T11:06:00","guid":{"rendered":"https:\/\/linitiative.ca\/International\/monji-ben-raies-y-aura-t-il-un-monde-de-lapres\/"},"modified":"2020-05-14T07:06:00","modified_gmt":"2020-05-14T11:06:00","slug":"monji-ben-raies-y-aura-t-il-un-monde-de-lapres","status":"publish","type":"post","link":"https:\/\/linitiative.ca\/International\/monji-ben-raies-y-aura-t-il-un-monde-de-lapres\/","title":{"rendered":"Monji Ben Raies : Y aura-t-il un monde de l\u2019apr\u00e8s?"},"content":{"rendered":"<p><img decoding=\"async\" src=\"\/uploads\/FCK_files\/Mongi-Ben-Ra\u00efs2(10)(1).jpg\" width=\"30%\" vspace=\"5\" hspace=\"5\" align=\"left\" alt=\"\"\/>Le discours final du \u00ab Dictateur \u00bb de Charlie Chaplin qui, par radio-transmission, dans son extraordinaire satire du pouvoir hitl\u00e9rien, d\u00e9clarait au monde entier : \u00abNous avons d\u00e9velopp\u00e9 la vitesse pour finir enferm\u00e9s.\u00bb ; \u00abLes machines qui nous apportent l\u2019abondance nous laissent n\u00e9anmoins insatisfaits. Notre savoir nous a rendu cyniques, notre intelligence inhumaine. Nous pensons beaucoup trop et ne ressentons pas assez. \u00c9tant trop m\u00e9canis\u00e9s, nous manquons d\u2019humanit\u00e9. \u00c9tant trop cultiv\u00e9s, nous manquons de tendresse et de gentillesse. Sans ces qualit\u00e9s, la vie n\u2019est plus que violence\u00bb.<\/p>\n<p>L\u2019Afrique semble avoir tenu le coup face au virus. Devant le succ\u00e8s relatif des restrictions impos\u00e9es au d\u00e9but de la pand\u00e9mie, en Tunisie, les mesures de verrouillage s\u2019assouplissent, trop vite toutefois, du fait qu\u2019elle enregistre de moins en moins de nouvelles infections et se pr\u00e9pare \u00e0 rouvrir. Malgr\u00e9 un syst\u00e8me de sant\u00e9 souffrant de s\u00e9rieux probl\u00e8mes structurels, le pays a pu r\u00e9pondre \u00e0 la situation. Le succ\u00e8s relatif tunisien, est d\u00fb en grande partie \u00e0 des mesures pr\u00e9ventives pr\u00e9coces, notamment un arr\u00eat quasi-syst\u00e9matique de la circulation des personnes, des quarantaines obligatoires pour les migrants entrant dans le pays et un bouclage avec prolongation de l\u2019\u00e9tat d\u2019urgence terroriste, qui est devenu aussi sanitaire, et un couvre-feu strict \u00e0 l&rsquo;\u00e9chelle nationale. Mais les restrictions nuisent fortement \u00e0 l&rsquo;\u00e9conomie, le Fonds mon\u00e9taire international pr\u00e9voyant une croissance \u00e9conomique n\u00e9gative de (- 4,3%). Pour l\u2019exercice 2020. L&rsquo;\u00e9conomie tunisienne au point mort, conna\u00eet la r\u00e9cession \u00e9conomique la plus profonde du pays depuis son ind\u00e9pendance.<\/p>\n<p>Des centaines de milliers de personnes travaillant dans le secteur informel, non-reconnu, ont \u00e9t\u00e9 compl\u00e8tement livr\u00e9es \u00e0 elles-m\u00eames ; la capacit\u00e9 de soins de sant\u00e9 du pays, extr\u00eamement limit\u00e9e, a aussi r\u00e9v\u00e9l\u00e9 ses zones d\u2019ombre dans le sud et l&rsquo;est ; l&rsquo;incapacit\u00e9 persistante \u00e0 prendre des mesures s\u00e9rieuses pour r\u00e9former son administration publique. Selon des pr\u00e9visions, en mai, apr\u00e8s pr\u00e8s de deux mois de lock-out, le ch\u00f4mage aura grimp\u00e9 de 15% \u00e0 25%, soit un quart de la population active tunisienne. Le verrouillage mondial a r\u00e9v\u00e9l\u00e9 dans toute son ampleur, la vuln\u00e9rabilit\u00e9 de la structure \u00e9conomique de la Tunisie.<\/p>\n<p>La politique de d\u00e9veloppement \u00e9conomique et sociale de la Tunisie, engag\u00e9e depuis les ann\u00e9es 1970, s\u2019est fond\u00e9e sur les secteurs miniers, des services, le tourisme et les transports internationaux, comme strat\u00e9gie de renforcement de sa comp\u00e9titivit\u00e9 \u00e9conomique, sont en perte de productivit\u00e9 de 50%, subissant les cons\u00e9quences de la crise dans ces secteurs \u00e9lus. Le pays d\u00e9pendant de ses donateurs internationaux pour financer les mesures d\u2019arr\u00eat, (pr\u00eat d&rsquo;aide d&rsquo;urgence de 745 millions de dollars, au titre de l&rsquo;instrument de financement rapide, approuv\u00e9 par le conseil d&rsquo;administration du FMI ; 230 millions d&rsquo;euros (273 millions de dollars), accord\u00e9s \u00e0 la Tunisie par l&rsquo;Union europ\u00e9enne ; don de 50 millions d&rsquo;euros (55 millions de dollars) de la part de l&rsquo;Italie ; pr\u00eat de la Banque islamique de d\u00e9veloppement de 280 millions de dollars),la dette publique et la dette ext\u00e9rieure tunisienne devrait atteindre respectivement 89% (contre 77,1% en 2019) et 110% (contre 92,8% en 2019) du PIB en 2020 (estimations FMI). Les mesures sacrificielles qui s\u2019ensuivront conduiront in\u00e9vitablement \u00e0 des troubles sociaux. L&rsquo;\u00c9tat tunisien est affaibli depuis tr\u00e8s longtemps, pour diverses raisons parmi lesquelles, le pi\u00e9tinement de la lutte contre la corruption, les h\u00e9sitations \u00e0 imposer la fortune, le d\u00e9faut de r\u00e9serves ; aussi, des d\u00e9cisions excessives et injustes qui s\u2019ajouteraient aux retomb\u00e9es durables de la crise, pourraient ruiner le pays.<\/p>\n<p>Apr\u00e8s sept semaines de torpeur, le syst\u00e8me juridictionnel a \u00e9t\u00e9 abandonn\u00e9 et n\u00e9glig\u00e9 depuis si longtemps. Citoyens et professionnels, avons \u00e9t\u00e9 mis devant un fait accompli, un Etat v\u00e9g\u00e9tatif, quasi sans tribunal, une justice qui s\u2019est vu de plus en plus d\u00e9mat\u00e9rialis\u00e9e, qui s\u2019est retrouv\u00e9e d\u00e9sincarn\u00e9e, vide, ou presque, de toute humanit\u00e9. Les Avocats, ont d\u00e9laiss\u00e9 leurs robes, les regardant flotter sur une penderie, inertes et d\u00e9s\u0153uvr\u00e9e, ayant renonc\u00e9 \u00e0 plaider pour des raisons de s\u00e9curit\u00e9 sanitaire, encore pendant quelques semaines. Plus de d\u00e9cisions virtuelles, plus de juge immat\u00e9riels, r\u00e9\u00e9valuation de l\u2019urgence au strict minimum ; efficacit\u00e9 en cas de danger imminent. M\u00eame malmen\u00e9s par les circonstances depuis des ann\u00e9es, les Avocats ont continu\u00e9 \u00e0 maintenir une activit\u00e9 juridique, \u00e0 inventer des solutions pour que la justice survive, alors qu\u2019elle \u00e9tait d\u00e9j\u00e0 en difficult\u00e9, \u00e0 lutter pour les droits fondamentaux, \u00e0 prot\u00e9ger les justiciables. Certes, la justice doit se transformer, dit-on, mais certainement pas en faisant passer rentabilit\u00e9 et rendement avant humanit\u00e9, car ce ne sont pas des dossiers dont il s\u2019agit mais des vies. Tous savent que la lev\u00e9e des mesures de confinement va m\u00e9caniquement faire remonter la courbe de la d\u00e9linquance et ils doivent se pr\u00e9parer \u00e0 cela. Un autre des effets du coronavirus est qu\u2019il r\u00e9duit l\u2019espace-temps, puisqu\u2019il faut g\u00e9rer les urgences et que le reste devra patienter jusqu\u2019\u00e0 finalement janvier 2021.<\/p>\n<p>La crise mondiale li\u00e9e au Covid-19 est un choc et une \u00e9preuve pour toute l\u2019humanit\u00e9, notamment pour les plus vuln\u00e9rables. En une journ\u00e9e, nos vies sont pass\u00e9es de la normalit\u00e9 \u00e0 un contexte de survie auquel les enfants, les adolescents et les adultes n\u2019\u00e9taient pas pr\u00e9par\u00e9s et ont d\u00fb s\u2019adapter rapidement. Un s\u00e9isme soci\u00e9tal qui a \u00e9branl\u00e9 nos codes, nos habitudes, nos liens sociaux, nos \u00e9conomies, nos environnements, nos croyances, nos fois et tous nos quotidiens. Cette crise va bien au-del\u00e0 du fl\u00e9au sanitaire plan\u00e9taire ; elle r\u00e9v\u00e8le les limites des diff\u00e9rents mod\u00e8les de pens\u00e9e et du fonctionnement de tous nos mod\u00e8les d\u2019organisation des soci\u00e9t\u00e9s. Confront\u00e9s \u00e0 cette urgence in\u00e9dite, nous toutes et tous, citoyens, associations, universitaires, acteurs du monde de la politique, du droit, de l\u2019\u00e9ducation, de la culture, journalistes, entrepreneurs\u2026, savons, dans un \u00e9lan de responsabilit\u00e9 collective, qu\u2019il est crucial de penser d\u00e8s maintenant un nouveau monde, celui de l\u2019apr\u00e8s, pour qu\u2019il n\u2019y ait pas de retour \u00e0 l\u2019anormale normalit\u00e9 d\u2019avant. Les sources inspirations ne manquent pas sur le terrain, des \u00e9lans et des initiatives innovantes pour apporter des solutions de rupture.<\/p>\n<p>Les priorit\u00e9s de la reconstruction d\u00e9pendent de nous, garanties du bien commun, assurance d\u2019une transition vers un mod\u00e8le plus solidaire, r\u00e9silience aux risques climatiques et \u00e9cologiques, protection de la biodiversit\u00e9, ainsi que des syst\u00e8mes d\u00e9mocratiques qui associent r\u00e9ellement et pleinement la participation de toutes et tous et le respect des droits fondamentaux, essentiels pour \u00e9viter d\u2019autres crises. Ces priorit\u00e9s peuvent guider la fondation d\u2019un autre type de soci\u00e9t\u00e9, \u00e0 condition que les citoyens se l\u2019approprient. Aux quatre coins du monde des solutions d\u00e9j\u00e0 mises en place existent, pour faire face aux probl\u00e8mes \u00e9cologiques, \u00e9conomiques et socio-politiques ; l\u2019agriculture urbaine, l\u2019\u00e9conomie circulaire, l\u2019\u00e9nergie d\u00e9carbon\u00e9e et citoyenne, des monnaies locales et\/ou virtuelles ou encore l&rsquo;\u00e9ducation positive, pourraient repr\u00e9senter l\u2019alternative. En mettant bout \u00e0 bout ces initiatives positives et concr\u00e8tes qui fonctionnent, on pourrait voir \u00e9merger l\u2019image de ce \u00e0 quoi pourrait ressembler le monde de demain.<\/p>\n<p>Alors que la pand\u00e9mie Covid-19 s\u2019\u00e9tend encore \u00e0 grande vitesse dans beaucoup de pays, notamment aux Etats-Unis et en Afrique, qu\u2019elle n\u2019a fait que commencer son ralentissement dans les pays europ\u00e9ens les plus touch\u00e9s (Italie et Espagne) et que la Chine, premier foyer, ne red\u00e9marre son \u00e9conomie qu\u2019avec lenteur et prudence, l\u2019aspiration et l\u2019attente est g\u00e9n\u00e9rale. Et si le Covid-19 n\u2019\u00e9tait pas une parenth\u00e8se\u2009?<\/p>\n<p>Ce qui manque en ces temps de crise c\u2019est une voix rassurante, calme, lente, pos\u00e9e, qui nous raconterait les choses du futur quotidien, tous les fragments de ce nouveau monde plus r\u00e9silient et humain. L\u2019\u00e9cologie prend ici tout son sens, son r\u00f4le primaire, contre la violence sociale et \u00e9conomique. \u00c0 l\u2019heure du confinement, des temps de r\u00e9flexion sur notre \u00e9conomie et nos modes de vie, s\u2019offrent \u00e0 nous pour poser, de fa\u00e7on tr\u00e8s incarn\u00e9e et non culpabilisatrice, les bonnes questions sur les cons\u00e9quences \u00e9conomiques, sociales et psycho-sociologiques du consum\u00e9risme \u00e0 outrance. Ce qui \u00e9tait consid\u00e9r\u00e9 comme impossible depuis des d\u00e9cennies est soudain devenu possible.<\/p>\n<p>En quelques jours, des milliers de milliards de dollars ont \u00e9t\u00e9 d\u00e9bloqu\u00e9s pour les banques et les multinationales pour tenter d&rsquo;endiguer le raz de mar\u00e9e \u00e9conomique cons\u00e9cutif \u00e0 la pand\u00e9mie du Covid -19. Compte tenu des mesures qu\u2019elle impose pour notre survie, la crise du coronavirus vient d\u00e9montrer qu\u2019une bascule rapide et un changement de strat\u00e9gie est possible. Le jour d\u2019apr\u00e8s, plus rien ne doit et ne pourra \u00eatre comme avant. Comment oublier ?&#8230; Celles et ceux qui ont risqu\u00e9 leurs vies pour tenter de sauver les n\u00f4tres ; celles et ceux qui hier n&rsquo;\u00e9taient \u00ab\u00a0rien\u00a0\u00bb et qui soudainement se sont r\u00e9v\u00e9l\u00e9s essentiels \u00e0 notre survie ; de juger les responsables et de soutenir les commissions d\u2019enqu\u00eates. Nous reprendrons les r\u00eanes de nos vies et de notre futur comme une renaissance. Nous devrons tout reconstruire avec et pour tous, services publics, de sant\u00e9, \u00e9galit\u00e9 dans la libert\u00e9, lutte contre la domination, les ain\u00e9s, les quartiers populaires, la paysannerie, le climat, la biodiversit\u00e9, le logement, la d\u00e9mocratie, le droit d\u2019asile, la justice, la citadinit\u00e9 et la ruralit\u00e9, sans qu\u2019aucun probl\u00e8me ne soit oubli\u00e9.<\/p>\n<p>Construire une plateforme citoyenne pour une vie digne dans un monde vivable et viable qui sera notre h\u00e9ritage \u00e0 l\u00e9guer aux g\u00e9n\u00e9rations futures. \u00catre solidaires est devenu primordial, nous retrouver localement et mondialement, partout, comme une assembl\u00e9e de peuples pour nous organiser et vivre mieux ensemble. Aujourd&rsquo;hui, encore plus qu&rsquo;hier, il est indispensable d&rsquo;agir de mani\u00e8re unie, pour nous coordonner et pr\u00e9parer des actions communes de vie plan\u00e9taire. Le jour d\u2019apr\u00e8s, personne ne doit reconfisquer notre humanit\u00e9, notre plan\u00e8te, notre justice et notre devenir !<br \/>La pand\u00e9mie exacerbe tout et frappe \u00e0 toutes les portes th\u00e9matiques, qu\u2019elles soient, politique, \u00e9conomique, sociologique, scientifique (au sens large), juridique, organisationnelle, \u2026, etc. Elle dessine un tableau g\u00e9opolitique tr\u00e8s pr\u00e9occupant pour l\u2019avenir de l\u2019humanit\u00e9 et de la d\u00e9mocratie. En Chine, comme aux USA, on s\u2019accuse mutuellement d\u2019avoir foment\u00e9 d\u00e9lib\u00e9r\u00e9ment la crise Covid-19. En Russie, au nom de la stabilit\u00e9, le pr\u00e9sident russe, \u00e2g\u00e9 de 67 ans et au pouvoir depuis 20 ans, s\u2019est am\u00e9nag\u00e9 la possibilit\u00e9 d\u2019y demeurer encore 16 ans de plus ; en Europe, le premier ministre hongrois a obtenu l\u2019accord du parlement pour l\u00e9gif\u00e9rer par ordonnances. Ainsi, \u00e0 la faveur de la crise sanitaire, le premier ministre s\u2019octroie les pleins pouvoirs et fait de son pays, d\u2019une certaine mani\u00e8re la premi\u00e8re non-d\u00e9mocratie de l\u2019Union Europ\u00e9enne et la seconde dans l\u2019environnement europ\u00e9en en comptant la Turquie. Un ph\u00e9nom\u00e8ne similaire a d\u2019ailleurs \u00e9t\u00e9 organis\u00e9 en Tunisie puisque l\u00e0 aussi tous les pouvoirs ont \u00e9t\u00e9 concentr\u00e9s par accord du parlement entre les mains du chef du gouvernement, pour une dur\u00e9e limit\u00e9e formellement \u00e0 deux mois. En r\u00e8gle g\u00e9n\u00e9rale, on sait que la peur et l\u2019incertitude profite aux r\u00e9gimes politiques autoritaires et\/ou populistes. Aussi devons-nous nous montrer particuli\u00e8rement vigilants quant \u00e0 la protection et la d\u00e9fense du mod\u00e8le d\u00e9mocratique et des droits humains dans les semaines et les mois \u00e0 venir.<\/p>\n<p>Ce tableau bross\u00e9 peut appara\u00eetre quelque peu apocalyptique mais par certains de ses aspects il est aussi r\u00e9aliste. On sent dans les soci\u00e9t\u00e9s que la peur gagne du terrain. Il y a d\u2019abord des ph\u00e9nom\u00e8nes de diplomatie internationale, des affrontements d\u2019Etats, qui voient la question du multilat\u00e9ralisme \u00eatre battue en br\u00e8che par certains Etats. On voit la place que la Chine essaie d\u2019occuper sur le terrain international, le retrait de la puissance am\u00e9ricaine du multilat\u00e9ralisme qui explique que la Chine occupe un espace qui auparavant \u00e9tait occup\u00e9 par les USA. Les Nations Unies sont devenues le lieu embl\u00e9matique de cet affrontement des puissances pour contr\u00f4ler l\u2019\u00e9tat du monde. La peur cr\u00e9e une mont\u00e9e du populisme, une tendance des populations \u00e0 se r\u00e9fugier entre les mains de ceux qui ont des discours s\u00e9curisants, trop faciles, populistes et qui gagneraient leur soutien.<\/p>\n<p>Ce qui est frappant c\u2019est de voir que dans les m\u00e9caniques qui ont \u00e9t\u00e9 mises en place, l\u2019arsenal l\u00e9gislatif et r\u00e8glementaire, l\u2019instauration de l\u2019\u00e9tat d\u2019urgence au-del\u00e0 des limites ordinaires, \u00e9tat d\u2019urgence sanitaire, l\u2019adoption de lois de s\u00e9curit\u00e9 int\u00e9rieure, la peur est aussi devant la restriction des libert\u00e9s fondamentales. Depuis quelques ann\u00e9es, face au curseur des libert\u00e9s, qui oscille entre besoins de s\u00e9curit\u00e9 et besoins de libert\u00e9s, malheureusement, lorsque l\u2019on interroge les populations du monde, la tendance va toujours vers la restriction des libert\u00e9s pour plus de s\u00e9curit\u00e9 ; entre la s\u00e9curit\u00e9 et la libert\u00e9, le choix est rapidement fait en faveur de la premi\u00e8re, avec l\u2019id\u00e9e qu\u2019\u00e0 termes, lorsque la situation sera meilleure, on regagnera sur le terrain des libert\u00e9s ce qu\u2019on avait sacrifi\u00e9 par ailleurs. Mais l\u2019exp\u00e9rience montre que malheureusement lorsque l\u2019on pousse le curseur d\u2019un c\u00f4t\u00e9, il ne retourne jamais dans l\u2019autre sens, vers sa position initiale. Progressivement, ce curseur a tendance \u00e0 s\u2019\u00e9roder au d\u00e9triment des libert\u00e9s fondamentales, dans tous les pays, par le fait que les populations sont devenues trop dociles au point de choisir la s\u00e9curit\u00e9 passive plut\u00f4t que la libert\u00e9.<\/p>\n<p>Beaucoup d\u2019Etats utilisent le pr\u00e9texte de la lutte contre la pand\u00e9mie Covid-19, pour s\u00e9curiser des dispositifs qui seront utiles plus tard pour contr\u00f4ler les dissidences et les oppositions politiques, qui ont pour principes de lutter contre les abus et l\u2019arbitraire de la puissance publique. Ce double ph\u00e9nom\u00e8ne de peur de la mort par la maladie et de peur de perte des libert\u00e9s est r\u00e9current actuellement. C\u2019est l\u00e0 que l\u2019on mesure la fragilit\u00e9 des acquis si durement gagn\u00e9s puisqu\u2019une crise sanitaire, la vie et la mort, sont en train de devenir un puissant outil d\u2019instrumentalisation de la peur pour d\u00e9truire et soumettre l\u2019espace des libert\u00e9s fondamentales. S\u2019ajoute \u00e0 cette th\u00e9matique la d\u00e9faillance des organismes internationaux, comme les Nations Unies, comme syst\u00e8me r\u00e9gulateur mondial, qui a \u00e9t\u00e9 frappante dans cette p\u00e9riode dans laquelle on attendait, de la part de cette organisation, une parole forte, sens\u00e9e.<\/p>\n<p><span class=\"c3\"><span class=\"c2\"><strong>Des atteintes aux libert\u00e9s fondamentales<\/strong><\/span><\/span><\/p>\n<p>La difficult\u00e9, \u00e0 l\u2019heure actuelle, c\u2019est que les Etats sont mobilis\u00e9s sur autre chose, principalement sur la crise de la pand\u00e9mie, sur le confinement des populations, sur des mesures permettant d\u2019assurer le maintien de la population et la s\u00e9curit\u00e9 des h\u00f4pitaux et par cons\u00e9quent, ces questions qui touchent aux libert\u00e9s fondamentales sont, \u00e0 l\u2019heure actuelle, moins pr\u00e9sentes dans l\u2019esprit des gouvernants ou encore consid\u00e9r\u00e9es secondaires. Il faut aussi penser qu\u2019au-del\u00e0 de ce jeu diplomatique entre les Etats et de ces jeux de pouvoirs, il y a des personnes, des individus qui sont menac\u00e9s et qu\u2019il faut d\u00e9fendre.<br \/>Dans ce cadre de g\u00e9opolitique internationale, les libert\u00e9s fondamentales doivent \u00eatre pr\u00e9serv\u00e9es, pas de mani\u00e8re abstraite, mais concr\u00e8tement. Voir le cas d\u2019Edward Snowden oblig\u00e9 de s\u2019expatrier vers la Russie qui lui a offert l\u2019asile politique contre les USA, pour avoir r\u00e9v\u00e9l\u00e9 les programmes de surveillance de masse de la CIA et de la NSA ; le cas de Ha\u00ef Fen, chef de service des urgences de l\u2019h\u00f4pital central de Wuhan , qui a r\u00e9v\u00e9l\u00e9 le risque pand\u00e9mique, et qui a subi des pressions de la part du gouvernement chinois ;\u00a0 de nombreuses pressions, agressions, emprisonnements et m\u00eame des assassinats de lanceurs d\u2019alertes qui bravent la censure des gouvernements qui tentent de cacher toute la r\u00e9alit\u00e9 li\u00e9e \u00e0 cette crise sanitaire, partout dans le monde. Une des derni\u00e8res victimes de ce ph\u00e9nom\u00e8ne est le commandant du porte-avions nucl\u00e9aire am\u00e9ricain Th\u00e9odore Roosevelt, qui a r\u00e9v\u00e9l\u00e9 la contagion Covid-19 \u00e0 bord. En Europe m\u00eame, \u00e0 Malte, il y a quelques mois, une journaliste d\u2019investigation a \u00e9t\u00e9 assassin\u00e9e sans que l\u2019on connaisse, jusqu\u2019\u00e0 l\u2019heure actuelle les coupables, m\u00eame si l\u2019on commence petit \u00e0 petit \u00e0 remonter le fil des responsabilit\u00e9s.<\/p>\n<p>La crise que l\u2019on voit monter ne va faire que mettre en relief les questions d\u2019ostracisme et de rejet de l\u2019\u00e9tranger qui est d\u00e9j\u00e0 per\u00e7u comme une menace \u00e0 la s\u00e9curit\u00e9 nationale. Les leaders populistes surfent sur la question de la menace que ferait peser l\u2019\u00e9tranger. Cela pose la question du choix de soci\u00e9t\u00e9 que les Etats essaient de faire passer et que l\u2019on voit exacerb\u00e9 avec la pand\u00e9mie actuelle. L\u2019image de l\u2019\u00e9tranger comme porteur d\u2019un mal qui risquerait d\u2019affecter la soci\u00e9t\u00e9. Il s\u2019ensuit une fermeture radicale des fronti\u00e8res au-del\u00e0 de ce qui est n\u00e9cessaire pour \u00e9viter la propagation de la maladie, car elles s\u2019accompagnent de mesures discriminatoires contre ceux qui, pour des raisons l\u00e9gitimes, ont besoin de se d\u00e9placer. La pand\u00e9mie a donc des effets collat\u00e9raux tragiques et \u00e0 l\u2019encontre de la l\u00e9galit\u00e9.<\/p>\n<p>Il y a notamment la question de la surveillance num\u00e9rique, que l\u2019on appelle aussi tracking ou tra\u00e7age. Le gouvernement pr\u00e9voirait la cr\u00e9ation de fichiers et d\u2019une application de \u00ab tracking \u00bb pour isoler les malades du coronavirus et ainsi \u2018\u2019r\u00e9ussir\u2019\u2019 le d\u00e9confinement. Dans les pays asiatiques, les gouvernements ont exag\u00e9r\u00e9ment vant\u00e9 l\u2019efficacit\u00e9 de ces syst\u00e8mes dans la lutte contre la propagation de l\u2019\u00e9pid\u00e9mie. Et donc, face \u00e0 l\u2019urgence de la situation, la Tunisie, apr\u00e8s la France et l\u2019Allemagne, est en train de plancher sur une application d\u00e9di\u00e9e sur les Smartphones qui permettrait de suivre \u00e0 la trace, en temps r\u00e9el comme en diff\u00e9r\u00e9, les personnes r\u00e9put\u00e9es volontaires. Compte tenu du fait qu\u2019il s\u2019agisse de suivre tous les mouvements des individus et de savoir quelles sont les personnes que ceux-ci ont rencontr\u00e9, \u00e0 qui ils ont parl\u00e9, on peut comprendre que cela puisse soulever des interrogations. Quid des donn\u00e9es personnelles et du secret professionnel, notamment m\u00e9dical. La crise sanitaire que nous vivons n\u00e9cessite ind\u00e9niablement une intervention de l\u2019\u00c9tat. Le confinement, atteinte consid\u00e9rable \u00e0 notre libert\u00e9 d\u2019aller et venir, par exemple, semble n\u00e9cessaire ; ainsi, toute privation de libert\u00e9, en cas de n\u00e9cessit\u00e9, \u00e0 condition qu\u2019elle soit proportionn\u00e9e, peut \u00eatre justifi\u00e9e. Mais il ne faudrait pas que les amoindrissements de la libert\u00e9 ne se prolongent au-del\u00e0 du n\u00e9cessaire ; il faut imp\u00e9rativement que la loi d\u2019urgence pr\u00e9voit sa propre fin.<\/p>\n<p>Les ex\u00e9cutifs tentent de rassurer en affirmant que cette mesure ne sera que provisoire, mais de m\u00e9moire, beaucoup de mesures r\u00e9put\u00e9es temporaires et d\u00e9rogatoires ont \u00e9t\u00e9 frapp\u00e9es par le syndrome du \u2018\u2019provisoire qui dure\u2019\u2019. Les attentats terroristes ont donn\u00e9 lieu \u00e0 l\u2019adoption d\u2019une s\u00e9rie de mesures li\u00e9es \u00e0 l\u2019\u00e9tat d\u2019urgence, r\u00e9put\u00e9es provisoires et dont l\u2019essentiel des dispositions sont pass\u00e9es dans le droit commun. Le m\u00eame sch\u00e9ma pourrait s\u2019appliquer aujourd\u2019hui, l\u2019\u00e9tat d\u2019urgence sanitaire se substituant au terrorisme. Ces faits posent l\u00e0 encore la sempiternelle question de l\u2019\u00e9quilibre \u00e0 trouver entre libert\u00e9s et s\u00e9curit\u00e9. Concernant le tra\u00e7age, tout ce qui est livraison \u00e0 l\u2019\u00c9tat de donn\u00e9es personnelles est particuli\u00e8rement dangereux.<\/p>\n<p>Certes, tout le monde r\u00eave d\u2019\u00eatre prot\u00e9g\u00e9 en permanence, mais nous sommes face \u00e0 une atteinte fondamentale aux libert\u00e9s fondamentales inqui\u00e9tante. L\u2019avenir est \u00e0 craindre, tout comme le dispositif qui se met en place accompagn\u00e9 d\u2019un langage sp\u00e9cifique. Une surveillance de la population par une brigade de surveillance dont le mandat n\u2019est pas d\u00e9fini et qui pourrait risquer de menacer les libert\u00e9s individuelles et collectives, une fois la pand\u00e9mie d\u00e9pass\u00e9e. Le choix de cette m\u00e9canique de surveillance par le biais des t\u00e9l\u00e9phones portables repr\u00e9sente \u00e0 terme un risque pour les libert\u00e9s fondamentales.<\/p>\n<p>Le tracking d\u2019informations personnelles capt\u00e9es, qui seraient stock\u00e9es sur un syst\u00e8me centralis\u00e9, lequel serait libre de d\u00e9cider de quoi faire des informations en question, ne peut \u00eatre acceptable. Pourtant, la pratique s\u2019acc\u00e9l\u00e8re dans le monde, pays autoritaires en Asie et Am\u00e9rique, d\u00e9mocratiques en occident, qui montre que le tra\u00e7age repose sur de multiples solutions technologiques, des r\u00e8gles \u00e9thiques, des modes de gouvernance particuliers et un contr\u00f4le assur\u00e9 tant\u00f4t par le parlement, tant\u00f4t par la soci\u00e9t\u00e9 civile et des instances d\u2019\u00e9thique et de r\u00e9gulation. Sur tous ces points, les opportunit\u00e9s offertes par les technologies de l\u2019information et de la communication ont pour cl\u00e9 de vo\u00fbte l\u2019acceptation populaire. Mais dans un contexte de crise et d\u2019urgence sanitaire, et\/ou purement s\u00e9curitaire, la notion de volontariat existe-t-elle vraiment ? ou ne serait-elle qu\u2019une \u00ab servitude volontaire \u00bb aliment\u00e9e par la \u00ab peur \u00bb, un panurgisme de plus, car m\u00eame consentie, la collecte et l\u2019exploitation des donn\u00e9es personnelles aux fins de suivi est pr\u00e9judiciable et condamnable.<\/p>\n<p>Si ces outils se d\u00e9veloppent et que le tissu social nous impose de les accepter, ceux qui les refuseront seront stigmatis\u00e9s comme des parias ou soup\u00e7onn\u00e9s de r\u00e9fraction \u00e0 l\u2019effort de guerre, d\u2019autant s\u2019ils sont minoritaires. Une application qui serait pr\u00e9sent\u00e9e comme ayant un int\u00e9r\u00eat vital pourrait susciter une large adh\u00e9sion, la population \u00e9tant dans un \u00e9tat de sid\u00e9ration inconsciente. Ce serait jouer avec l\u2019opinion publique et prendre les citoyens pour des enfants.<\/p>\n<p class=\"c5\"><strong>Monji Ben Raies<\/strong><br \/><span class=\"c4\"><em>Universitaire, Juriste,<br \/>Enseignant et chercheur en droit public et sciences politiques,<br \/>Universit\u00e9 de Tunis El Manar,<br \/>Facult\u00e9 de Droit et des Sciences politiques de Tunis.<\/em><\/span><\/p>\n<p>Auteur:<br \/>\n<a href=\"https:\/\/www.leaders.com.tn\/article\/29927-monji-ben-raies-y-aura-t-il-un-monde-de-l-apres\">Cliquez ici pour lire l&rsquo;article depuis sa source.<\/a><\/p>\n","protected":false},"excerpt":{"rendered":"<p>Le discours final du \u00ab Dictateur \u00bb de Charlie Chaplin qui, par radio-transmission, dans son extraordinaire satire du pouvoir hitl\u00e9rien, d\u00e9clarait au monde entier : \u00abNous avons d\u00e9velopp\u00e9 la vitesse pour finir enferm\u00e9s.\u00bb ; \u00abLes machines qui nous apportent l\u2019abondance nous laissent n\u00e9anmoins insatisfaits. Notre savoir nous a rendu cyniques, notre intelligence inhumaine. Nous pensons [&hellip;]<\/p>\n","protected":false},"author":1772,"featured_media":85492,"comment_status":"closed","ping_status":"closed","sticky":false,"template":"","format":"standard","meta":{"fifu_image_url":"","fifu_image_alt":"","footnotes":""},"categories":[73,55],"tags":[],"class_list":["post-85491","post","type-post","status-publish","format-standard","has-post-thumbnail","hentry","category-actualite","category-tunisie"],"_links":{"self":[{"href":"https:\/\/linitiative.ca\/International\/wp-json\/wp\/v2\/posts\/85491","targetHints":{"allow":["GET"]}}],"collection":[{"href":"https:\/\/linitiative.ca\/International\/wp-json\/wp\/v2\/posts"}],"about":[{"href":"https:\/\/linitiative.ca\/International\/wp-json\/wp\/v2\/types\/post"}],"author":[{"embeddable":true,"href":"https:\/\/linitiative.ca\/International\/wp-json\/wp\/v2\/users\/1772"}],"replies":[{"embeddable":true,"href":"https:\/\/linitiative.ca\/International\/wp-json\/wp\/v2\/comments?post=85491"}],"version-history":[{"count":0,"href":"https:\/\/linitiative.ca\/International\/wp-json\/wp\/v2\/posts\/85491\/revisions"}],"wp:featuredmedia":[{"embeddable":true,"href":"https:\/\/linitiative.ca\/International\/wp-json\/"}],"wp:attachment":[{"href":"https:\/\/linitiative.ca\/International\/wp-json\/wp\/v2\/media?parent=85491"}],"wp:term":[{"taxonomy":"category","embeddable":true,"href":"https:\/\/linitiative.ca\/International\/wp-json\/wp\/v2\/categories?post=85491"},{"taxonomy":"post_tag","embeddable":true,"href":"https:\/\/linitiative.ca\/International\/wp-json\/wp\/v2\/tags?post=85491"}],"curies":[{"name":"wp","href":"https:\/\/api.w.org\/{rel}","templated":true}]}}