{"id":85494,"date":"2020-05-14T12:39:00","date_gmt":"2020-05-14T16:39:00","guid":{"rendered":"https:\/\/linitiative.ca\/International\/nadia-chaane-latifa-lakhdhar-c-quid-de-la-garde-des-enfants-pendant-ce-deconfinement\/"},"modified":"2020-05-14T12:39:00","modified_gmt":"2020-05-14T16:39:00","slug":"nadia-chaane-latifa-lakhdhar-c-quid-de-la-garde-des-enfants-pendant-ce-deconfinement","status":"publish","type":"post","link":"https:\/\/linitiative.ca\/International\/nadia-chaane-latifa-lakhdhar-c-quid-de-la-garde-des-enfants-pendant-ce-deconfinement\/","title":{"rendered":"Nadia Chaane, Latifa Lakhdhar &amp; C\u00b0 : Quid de la garde des enfants pendant ce d\u00e9confinement ?"},"content":{"rendered":"<p>Le D\u00e9cret gouvernemental <a href=\"https:\/\/legislation-securite.tn\/fr\/node\/104808\" target=\"_blank\" rel=\"noopener noreferrer\">n\u00b0 2020-208 du 2 mai 2020<\/a>, portant fixation des prescriptions de confinement cibl\u00e9 a initialement stipul\u00e9 que les m\u00e8res ayant des enfants de moins de 15 ans \u00e9taient maintenues en confinement et interdites de retour au travail.<\/p>\n<p>\u00c0 l\u2019appel de collectifs de femmes et dans l\u2019urgence, le gouvernement a fait volte-face et est revenu sur cette d\u00e9cision discriminatoire, qui, outre son caract\u00e8re misogyne, occultait deux r\u00e9alit\u00e9s\u00a0:<\/p>\n<p class=\"c4\"><span class=\"c3\"><span class=\"c2\"><strong>\u2022<\/strong><\/span><\/span> <strong>la pr\u00e9sence des femmes sur le march\u00e9 du travail\u00a0et son caract\u00e8re indispensable dans certains secteurs de l\u2019\u00e9conomie tunisienne qui ne pourraient fonctionner sans elles (les h\u00f4pitaux, la grande distribution et le commerce, les usines, \u2026)<\/strong><\/p>\n<p class=\"c4\"><span class=\"c3\"><span class=\"c2\"><strong>\u2022<\/strong><\/span><\/span> <strong>l\u2019existence de familles monoparentales o\u00f9 les femmes seules ont \u00e0 leur charge les enfants et les familles o\u00f9 les deux parents sont contraints de travailler et ne peuvent faire garder leurs enfants en bas \u00e2ge.<\/strong><\/p>\n<p>En revenant pr\u00e9cipitamment sur sa d\u00e9cision pour r\u00e9parer un dommage (<a href=\"https:\/\/legislation-securite.tn\/fr\/node\/104809\" target=\"_blank\" rel=\"noopener noreferrer\">d\u00e9cret gouvernemental N\u00b0 2020\/257 du 3 mai 2020<\/a>), le gouvernement a ignor\u00e9 le second dommage, celui que le dispositif faisait courir aux enfants de moins de 15 ans de famille monoparentale ou dont les deux parents ne peuvent s\u2019arr\u00eater de travailler. Ils sont livr\u00e9s \u00e0 eux-m\u00eames, avec toutes les cons\u00e9quences possibles, en raison de la fermeture de tous les \u00e9tablissements d\u2019accueil\u00a0: garderies, jardins d\u2019enfants, \u00e9coles et coll\u00e8ges.<\/p>\n<p>Aussi, nous demandons au gouvernement de prendre les mesures n\u00e9cessaires afin d\u2019assurer le r\u00f4le qui lui incombe en tant que garant de la protection de l\u2019enfance :<\/p>\n<p class=\"c4\"><span class=\"c3\"><span class=\"c2\"><strong>\u2022<\/strong><\/span><\/span> <strong>la mise en place d\u2019un dispositif adapt\u00e9 dans les \u00e9coles et jardins d\u2019enfants pour accueillir les moins de 15 ans dont les parents travaillent \u00e0 d\u00e9faut le versement d\u2019une prime qui peut leur permette de les faire garder \u00e0 domicile.<\/strong><\/p>\n<p>Nous rappelons que la prise en charge des enfants rel\u00e8ve de la responsabilit\u00e9 collective et pas seulement des parents.<\/p>\n<h2>Premi\u00e8res signataires\u00a0par ordre alphab\u00e9tique<\/h2>\n<p class=\"c4\"><span class=\"c3\"><span class=\"c2\"><strong>\u2022<\/strong><\/span><\/span> Faten Abdelkefi, militante associative<\/p>\n<p class=\"c4\"><span class=\"c3\"><span class=\"c2\"><strong>\u2022<\/strong><\/span><\/span> Samia Abid Chaabane, orthophoniste<\/p>\n<p class=\"c4\"><span class=\"c3\"><span class=\"c2\"><strong>\u2022<\/strong><\/span><\/span> Azza Bach-Hamba, enseignante universitaire<\/p>\n<p class=\"c4\"><span class=\"c3\"><span class=\"c2\"><strong>\u2022<\/strong><\/span><\/span> Monia Bennasr Ayadi, constituante\u00a0<\/p>\n<p class=\"c4\"><span class=\"c3\"><span class=\"c2\"><strong>\u2022<\/strong><\/span><\/span> Soule\u00efma Bey, traiteur<\/p>\n<p class=\"c4\"><span class=\"c3\"><span class=\"c2\"><strong>\u2022<\/strong><\/span><\/span> Latifa Bouslama, m\u00e9decin v\u00e9t\u00e9rinaire\u00a0<\/p>\n<p class=\"c4\"><span class=\"c3\"><span class=\"c2\"><strong>\u2022<\/strong><\/span><\/span> Nadia Chaabane, constituante<\/p>\n<p class=\"c4\"><span class=\"c3\"><span class=\"c2\"><strong>\u2022<\/strong><\/span><\/span> Alya El May, enseignante universitaire<\/p>\n<p class=\"c4\"><span class=\"c3\"><span class=\"c2\"><strong>\u2022<\/strong><\/span><\/span> Asma Gharbi, juriste<\/p>\n<p class=\"c4\"><span class=\"c3\"><span class=\"c2\"><strong>\u2022<\/strong><\/span><\/span> Fatma Gharbi Ep Masmoudi, constituante\u00a0<\/p>\n<p class=\"c4\"><span class=\"c3\"><span class=\"c2\"><strong>\u2022<\/strong><\/span><\/span> Zeineb Guehiss, cadre retrait\u00e9e et militante associative<\/p>\n<p class=\"c4\"><span class=\"c3\"><span class=\"c2\"><strong>\u2022<\/strong><\/span><\/span> Zakia Hamda, agitatrice artistique<\/p>\n<p class=\"c4\"><span class=\"c3\"><span class=\"c2\"><strong>\u2022<\/strong><\/span><\/span> Salwa Harrazi, enseignante \u00e0 la retraite et militante associative<\/p>\n<p class=\"c4\"><span class=\"c3\"><span class=\"c2\"><strong>\u2022<\/strong><\/span><\/span> Dorra Jrad, urbaniste<\/p>\n<p class=\"c4\"><span class=\"c3\"><span class=\"c2\"><strong>\u2022<\/strong><\/span><\/span> Kerrou, professeur de l\u2019enseignement secondaire<\/p>\n<p class=\"c4\"><span class=\"c3\"><span class=\"c2\"><strong>\u2022<\/strong><\/span><\/span> Nefissa Wafa Marzouki, constituante<\/p>\n<p class=\"c4\"><span class=\"c3\"><span class=\"c2\"><strong>\u2022<\/strong><\/span><\/span> Olfa Meziou, universitaire<\/p>\n<p class=\"c4\"><span class=\"c3\"><span class=\"c2\"><strong>\u2022<\/strong><\/span><\/span> Leila Mleika Abdeljaoud, enseignante<\/p>\n<p class=\"c4\"><span class=\"c3\"><span class=\"c2\"><strong>\u2022<\/strong><\/span><\/span> Samia M&rsquo;timet, ing\u00e9nieure<\/p>\n<p class=\"c4\"><span class=\"c3\"><span class=\"c2\"><strong>\u2022<\/strong><\/span><\/span> Nedra M\u2019timet, fonctionnaire<\/p>\n<p class=\"c4\"><span class=\"c3\"><span class=\"c2\"><strong>\u2022<\/strong><\/span><\/span> Latifa Lakhdhar, universitaire et ancienne ministre de la culture<\/p>\n<p class=\"c4\"><span class=\"c3\"><span class=\"c2\"><strong>\u2022<\/strong><\/span><\/span> Alia Toumi, universitaire et conseill\u00e8re municipale<\/p>\n<p class=\"c4\"><span class=\"c3\"><span class=\"c2\"><strong>\u2022<\/strong><\/span><\/span> Amira Yaakoubi, m\u00e9decin\u00a0\u00a0<\/p>\n<p>Auteur:<br \/>\n<a href=\"https:\/\/www.leaders.com.tn\/article\/29931-nadia-chaane-latifa-lakhdhar-c-quid-de-la-garde-des-enfants-pendant-ce-deconfinement\">Cliquez ici pour lire l&rsquo;article depuis sa source.<\/a><\/p>\n","protected":false},"excerpt":{"rendered":"<p>Le D\u00e9cret gouvernemental n\u00b0 2020-208 du 2 mai 2020, portant fixation des prescriptions de confinement cibl\u00e9 a initialement stipul\u00e9 que les m\u00e8res ayant des enfants de moins de 15 ans \u00e9taient maintenues en confinement et interdites de retour au travail. \u00c0 l\u2019appel de collectifs de femmes et dans l\u2019urgence, le gouvernement a fait volte-face et [&hellip;]<\/p>\n","protected":false},"author":1772,"featured_media":0,"comment_status":"closed","ping_status":"closed","sticky":false,"template":"","format":"standard","meta":{"fifu_image_url":"","fifu_image_alt":"","footnotes":""},"categories":[73,55],"tags":[],"class_list":["post-85494","post","type-post","status-publish","format-standard","hentry","category-actualite","category-tunisie"],"_links":{"self":[{"href":"https:\/\/linitiative.ca\/International\/wp-json\/wp\/v2\/posts\/85494","targetHints":{"allow":["GET"]}}],"collection":[{"href":"https:\/\/linitiative.ca\/International\/wp-json\/wp\/v2\/posts"}],"about":[{"href":"https:\/\/linitiative.ca\/International\/wp-json\/wp\/v2\/types\/post"}],"author":[{"embeddable":true,"href":"https:\/\/linitiative.ca\/International\/wp-json\/wp\/v2\/users\/1772"}],"replies":[{"embeddable":true,"href":"https:\/\/linitiative.ca\/International\/wp-json\/wp\/v2\/comments?post=85494"}],"version-history":[{"count":0,"href":"https:\/\/linitiative.ca\/International\/wp-json\/wp\/v2\/posts\/85494\/revisions"}],"wp:attachment":[{"href":"https:\/\/linitiative.ca\/International\/wp-json\/wp\/v2\/media?parent=85494"}],"wp:term":[{"taxonomy":"category","embeddable":true,"href":"https:\/\/linitiative.ca\/International\/wp-json\/wp\/v2\/categories?post=85494"},{"taxonomy":"post_tag","embeddable":true,"href":"https:\/\/linitiative.ca\/International\/wp-json\/wp\/v2\/tags?post=85494"}],"curies":[{"name":"wp","href":"https:\/\/api.w.org\/{rel}","templated":true}]}}