{"id":85498,"date":"2020-05-14T01:00:00","date_gmt":"2020-05-14T05:00:00","guid":{"rendered":"https:\/\/linitiative.ca\/International\/les-mysteres-des-statistiques-le-mythe-foireux-du-baby-boom-et-le-grand-parasite-qui-squatte-mon-appart\/"},"modified":"2020-05-14T01:00:00","modified_gmt":"2020-05-14T05:00:00","slug":"les-mysteres-des-statistiques-le-mythe-foireux-du-baby-boom-et-le-grand-parasite-qui-squatte-mon-appart","status":"publish","type":"post","link":"https:\/\/linitiative.ca\/International\/les-mysteres-des-statistiques-le-mythe-foireux-du-baby-boom-et-le-grand-parasite-qui-squatte-mon-appart\/","title":{"rendered":"Les myst\u00e8res des statistiques, le mythe foireux du baby-boom et le grand parasite qui squatte mon appart\u2019 !"},"content":{"rendered":"<p class=\"c3\">Confinement prolong\u00e9 et rentr\u00e9e scolaire d\u00e9cal\u00e9e \u00e0 octobre prochain. J\u2019suis au bord de\u2026<br \/>\u00a0\u00a0<br \/><strong>\u2026 l\u2019infanticide !\u00a0<\/strong><\/p>\n<p class=\"c3\">Les derni\u00e8res statistiques, les toutes derni\u00e8res \u00e0 peine sorties chaudes br\u00fblantes du four, sont formelles : la population d\u00e9z\u00e9dienne a atteint le total de 43,9 millions de personnes.\u00a0<br \/>Arrondissons donc \u00e0 44 millions. La statistique ne s\u2019arr\u00eate pas l\u00e0, et le plus int\u00e9ressant est \u00e0 venir. On apprend ainsi que dans notre Principaut\u00e9, le nombre de mariages et de naissances a baiss\u00e9 ! Attendez ! Attendez ! Ne faites pas comme moi. Ne vous emballez pas comme je me suis emball\u00e9 au quart de tour lorsque j\u2019ai lu ces chiffres. Calmons-nous et posons juste les bonnes questions. Il doit y avoir une explication \u00e0 tout \u00e7a ! Comment la population a-t-elle grimp\u00e9 \u00e0 44 millions si les naissances ont baiss\u00e9 ? Tout simplement en comprenant que les naissances peuvent baisser, mais elles ne s\u2019arr\u00eatent pas, pardi ! Nous naissons moins vite, mais nous naissons tout de m\u00eame. C\u2019est le cycle de la vie. Je vous avais pr\u00e9venu, \u00e9vitez de vous emballer. Bon ! D\u2019accord ! Admettons ! Et la baisse des mariages ? Dans l\u2019angle obtus et rigidement droit des croyances et des traditions, la baisse des mariages entra\u00eene n\u00e9cessairement celle des naissances, dans la foul\u00e9e celle du chiffre global du nombre d\u2019habitants et accessoirement le chiffre d\u2019affaires des salles des f\u00eates ! Les statistiques officielles ne disent rien des salles des f\u00eates. Mais elles confirment que nous nous marions moins, beaucoup moins. Donc, je ne vois qu\u2019une explication, nous faisons des gosses au black !? Voil\u00e0 que je me surprends \u00e0 m\u2019emballer \u00e0 nouveau ! Calme ! J\u2019ai dit calme ! Si les mariages baissent, cela ne veut pas dire que les couples d\u00e9j\u00e0 mari\u00e9s ont arr\u00eat\u00e9 de faire des mioches, que diable ! Ah ! d\u2019accord. Mais alors, si les couples \u00abl\u00e9gitimes\u00bb font encore des b\u00e9b\u00e9s, pourquoi y a-t-il baisse, l\u00e0 aussi tr\u00e8s sensible, du nombre de naissances ? Tr\u00e8s sinc\u00e8rement, avec le confinement, je me serai attendu \u00e0 un vrai baby-boom. Est-ce \u00e0 dire que les D\u00e9z\u00e9diennes et D\u00e9z\u00e9diens ont adopt\u00e9 une position de confinement total, m\u00eame au lit ? Mon Dieu ! Tous ces chiffres et toutes ces questions m\u2019embrouillent. Faut que j\u2019appelle mon fils a\u00een\u00e9. Il est cal\u00e9 en maths, lui. Bient\u00f4t 30 ans et il tra\u00eene encore dans mes pattes. Du coup, je le soup\u00e7onne d\u2019y \u00eatre pour quelque chose dans ces statistiques troubles. \u00abYa ouled ! Viens voir papa ! On doit discuter de ton avenir !\u00bb O\u00f9 est-il encore nich\u00e9, ce parasite ? S\u00fbrement dans le squat de sa chambre \u00e0 fumer du th\u00e9 pour rester \u00e9veill\u00e9 \u00e0\u2026 mon cauchemar qui continue.<br \/><em><strong>H. L.<\/strong><\/em><\/p>\n<p>Auteur:<br \/>\n<a href=\"https:\/\/www.lesoirdalgerie.com\/pousse-avec-eux\/les-mysteres-des-statistiques-le-mythe-foireux-du-baby-boom-et-le-grand-parasite-qui-squatte-mon-appart-42356\">Cliquez ici pour lire l&rsquo;article depuis sa source.<\/a><\/p>\n","protected":false},"excerpt":{"rendered":"<p>Confinement prolong\u00e9 et rentr\u00e9e scolaire d\u00e9cal\u00e9e \u00e0 octobre prochain. J\u2019suis au bord de\u2026\u00a0\u00a0\u2026 l\u2019infanticide !\u00a0 Les derni\u00e8res statistiques, les toutes derni\u00e8res \u00e0 peine sorties chaudes br\u00fblantes du four, sont formelles : la population d\u00e9z\u00e9dienne a atteint le total de 43,9 millions de personnes.\u00a0Arrondissons donc \u00e0 44 millions. La statistique ne s\u2019arr\u00eate pas l\u00e0, et le [&hellip;]<\/p>\n","protected":false},"author":1741,"featured_media":0,"comment_status":"closed","ping_status":"closed","sticky":false,"template":"","format":"standard","meta":{"fifu_image_url":"","fifu_image_alt":"","footnotes":""},"categories":[73,53],"tags":[],"class_list":["post-85498","post","type-post","status-publish","format-standard","hentry","category-actualite","category-algerie"],"_links":{"self":[{"href":"https:\/\/linitiative.ca\/International\/wp-json\/wp\/v2\/posts\/85498","targetHints":{"allow":["GET"]}}],"collection":[{"href":"https:\/\/linitiative.ca\/International\/wp-json\/wp\/v2\/posts"}],"about":[{"href":"https:\/\/linitiative.ca\/International\/wp-json\/wp\/v2\/types\/post"}],"author":[{"embeddable":true,"href":"https:\/\/linitiative.ca\/International\/wp-json\/wp\/v2\/users\/1741"}],"replies":[{"embeddable":true,"href":"https:\/\/linitiative.ca\/International\/wp-json\/wp\/v2\/comments?post=85498"}],"version-history":[{"count":0,"href":"https:\/\/linitiative.ca\/International\/wp-json\/wp\/v2\/posts\/85498\/revisions"}],"wp:attachment":[{"href":"https:\/\/linitiative.ca\/International\/wp-json\/wp\/v2\/media?parent=85498"}],"wp:term":[{"taxonomy":"category","embeddable":true,"href":"https:\/\/linitiative.ca\/International\/wp-json\/wp\/v2\/categories?post=85498"},{"taxonomy":"post_tag","embeddable":true,"href":"https:\/\/linitiative.ca\/International\/wp-json\/wp\/v2\/tags?post=85498"}],"curies":[{"name":"wp","href":"https:\/\/api.w.org\/{rel}","templated":true}]}}