{"id":85499,"date":"2020-05-14T01:00:00","date_gmt":"2020-05-14T05:00:00","guid":{"rendered":"https:\/\/linitiative.ca\/International\/pekin-le-1er-mai-1975\/"},"modified":"2020-05-14T01:00:00","modified_gmt":"2020-05-14T05:00:00","slug":"pekin-le-1er-mai-1975","status":"publish","type":"post","link":"https:\/\/linitiative.ca\/International\/pekin-le-1er-mai-1975\/","title":{"rendered":"P\u00e9kin, le 1er mai 1975&#8230;"},"content":{"rendered":"<p class=\"c3\">Le 1er mai donne \u00e0 la m\u00e9galopole chinoise l&rsquo;allure d&rsquo;un immense parc d&rsquo;attractions, mais pas n&rsquo;importe lequel. La profusion des couleurs domin\u00e9es par le rouge vif si typique des vieux palais imp\u00e9riaux, l&rsquo;\u00e9clat des lanternes agit\u00e9es par les petits vents matinaux tout au long de ces longues rues bariol\u00e9es, la farandole pittoresque des interminables et enlumin\u00e9s dragons de toile et de feu, la multitude de fanions et la musique omnipr\u00e9sente, conf\u00e8rent \u00e0 ces c\u00e9r\u00e9monies un cachet particulier. Il y a probablement d&rsquo;autres f\u00eates traditionnelles c\u00e9l\u00e9br\u00e9es avec autant d&rsquo;entrain mais, en ce premier mai 1975, nous r\u00e9alisions que, pour la Chine communiste de Mao, la f\u00eate du Travail demeurait le point cardinal de toutes les r\u00e9jouissances. Et dire que nous pensions qu&rsquo;il n&rsquo;y avait que les d\u00e9fil\u00e9s stricts et les discours pesants. C&rsquo;est toute la cit\u00e9 qui explose dans une d\u00e9bauche de couleurs et de sons r\u00e9veillant le printemps dans cette grosse ville d&rsquo;allure paysanne. A l&rsquo;\u00e9poque, P\u00e9kin, capitale administrative de la Chine, n&rsquo;avait rien de moderne, hormis cette b\u00e2tisse longitudinale et saupoudr\u00e9e de verre o\u00f9 nous habitions, un \u00e9tablissement r\u00e9serv\u00e9 aux \u00e9trangers, et quelques immeubles r\u00e9cemment construits. Le reste, s&rsquo;\u00e9talant \u00e0 l&rsquo;infini, est compos\u00e9 d&rsquo;imposantes constructions de style stalinien.<br \/>Dans un geste que je n\u2019arrive toujours pas \u00e0 expliquer, nous sommes sortis en fanfare du grand h\u00f4tel international de P\u00e9kin pour aller rendre visite \u00e0 l\u2019ambassade vietnamienne, scandant l&rsquo;air en vogue \u00e0 cette \u00e9poque : \u00abEh Mamia ! Eh Mamia !\u00bb Pr\u00e9c\u00e9d\u00e9s par des cadres sup\u00e9rieurs du minist\u00e8re de l\u2019Agriculture que nous accompagnions dans ce voyage du bout du monde, nous marchions d\u2019un pas alerte, en rangs serr\u00e9s, pour aller dire \u00e0 nos fr\u00e8res vietnamiens notre joie immense et notre ravissement de les voir sortir vainqueurs du long et \u00e9puisant combat h\u00e9ro\u00efquement men\u00e9 contre l\u2019imp\u00e9rialisme et ses valets du Sud. Saigon venait de tomber et nous \u00e9tions si heureux que nous n&rsquo;avions pas r\u00e9fl\u00e9chi \u00e0 ce que nous faisions. Spontan\u00e9ment et dans la ferveur r\u00e9volutionnaire, nous avions d\u00e9cid\u00e9 de rendre hommage \u00e0 nos fr\u00e8res vietnamiens pour cette victoire finale arrach\u00e9e au prix d&rsquo;une lutte h\u00e9ro\u00efque et des sacrifices \u00e9normes. Ils \u00e9taient venus \u00e0 bout de la premi\u00e8re puissance militaire du monde. Nous \u00e9tions enchant\u00e9s et fiers car le vent qui faisait claquer les fanions de la f\u00eate des travailleurs au-dessus de nos t\u00eates semait un peu partout les graines d\u2019un espoir d\u00e9mesur\u00e9.<br \/>C\u2019\u00e9tait le mois de mai et c\u2019\u00e9tait la d\u00e9cennie soixante-dix ! En son beau milieu, cette d\u00e9cennie mythique nous renvoyait, \u00e0 des milliers de kilom\u00e8tres d\u2019Alger, une image conforme \u00e0 nos r\u00eaves les plus fous. Les peuples prenaient leur revanche. L\u2019ordre imp\u00e9rialiste subissait un coup s\u00e9v\u00e8re qui allait le terrasser pour quelques ann\u00e9es. Nous avions raison d\u2019y croire ! Et si le monde a mal tourn\u00e9 plus tard, si notre recul est r\u00e9el, si le monstre a repris du poil de la b\u00eate pour revenir jouer sa triste rengaine en Afghanistan, Irak, Syrie, lorgnant vers l&rsquo;Iran et le Venezuela, soyons assur\u00e9s que l\u2019issue de la bataille sera toujours la m\u00eame, car la victoire est toujours du c\u00f4t\u00e9 des justes. Un jour, ces justes furent les patriotes am\u00e9ricains en lutte contre les colonisateurs de leur pays&#8230;<br \/>Voil\u00e0 quarante-cinq ann\u00e9es, nous f\u00eations la victoire des peuples sur l\u2019imp\u00e9rialisme, \u00e0 notre mani\u00e8re, \u00e0 la mani\u00e8re des Alg\u00e9riens, dans une ville \u00e9trang\u00e8re situ\u00e9e au bout du monde. En ces temps-l\u00e0, le monde tournait plus lentement. Plus s\u00fbrement aussi. Nous \u00e9tions jeunes et la vie \u00e9tait belle. Mais elle ne pouvait \u00eatre belle si elle ne souriait qu\u2019\u00e0 une minorit\u00e9. Elle n\u2019avait aucun sens cette vie bienheureuse r\u00e9serv\u00e9e \u00e0 quelques privil\u00e9gi\u00e9s. Elle ne pouvait \u00eatre belle que si elle \u00e9tendait son manteau protecteur sur la majorit\u00e9, la grande race des fr\u00e8res\u2026 Voil\u00e0 pourquoi la victoire du petit soldat vietnamien contre la super-puissante arm\u00e9e am\u00e9ricaine \u00e9tait le triomphe de tous les peuples \u00e9pris de libert\u00e9. Voil\u00e0 pourquoi nous \u00e9tions press\u00e9s d\u2019en finir avec la mis\u00e8re, l\u2019injustice, l\u2019oppression et l\u2019in\u00e9galit\u00e9.<br \/>Nous savions que nous \u00e9tions sur la bonne voie en Alg\u00e9rie et malgr\u00e9 des insuffisances sur le plan d\u00e9mocratique et aussi des privations dues \u00e0 certaines p\u00e9nuries cycliques, les choix \u00e9conomiques et sociaux furent les bons. C&rsquo;est l&rsquo;abandon de ces options qui a d\u00e9vi\u00e9 notre pays de son chemin car si nous avions poursuivi avec la m\u00eame politique, nous serions \u00e0 un niveau de d\u00e9veloppement semblable, au moins, \u00e0 celui des BRICS.\u00a0 N&rsquo;oublions pas que nous avions le m\u00eame PIB que l&rsquo;Espagne et que nous \u00e9tions dans une situation meilleure que la Cor\u00e9e du Sud. O\u00f9 en sommes-nous aujourd&rsquo;hui ?<br \/>Surtout, il ne s&rsquo;agit pas de revenir aux m\u00eames options politiques et de retenter le diable avec la collectivisation. C&rsquo;est fini et c&rsquo;est fini une fois pour toutes. L&rsquo;\u00e9conomie doit \u00eatre mixte en gardant, aux mains de l&rsquo;Etat, tout ce qui est strat\u00e9gique. Le reste est si vaste que nos entrepreneurs &#8211; et notamment les plus s\u00e9rieux et il y en a &#8211; ont le choix ! Certains ont trop attendu. C&rsquo;est le moment M par excellence. Une chance \u00e0 ne pas rater pour assurer un d\u00e9veloppement sans pr\u00e9c\u00e9dent dans notre pays. Il y a tant de richesses qui dorment et qu&rsquo;il est anormal d&rsquo;exporter en l&rsquo;\u00e9tat. Ouvrons les portes de ces transformations aux capitaines d&rsquo;industrie qui ont des arguments \u00e0 faire valoir et r\u00e9cup\u00e9rons-les vite car le clan pr\u00e9c\u00e9demment au pouvoir a tout fait pour les d\u00e9courager et les chasser,<br \/>les obligeant \u00e0 investir &#8211; et \u00e0 r\u00e9ussir &#8211; ailleurs !<br \/>Si le pragmatisme politique et le r\u00e9alisme \u00e9conomique nous commandent aujourd\u2019hui de voir le monde avec un \u0153il plus lucide, il serait cependant suicidaire et indigne de notre r\u00e9volution de ne pas rompre avec les choix douteux des Khelil, Temmar, Bouchouareb et j&rsquo;en oublie ! Non, le lib\u00e9ralisme outrancier n\u2019est pas la solution \u00e0 nos probl\u00e8mes. Au mieux, il ne r\u00e8gle rien, au pire, il pr\u00e9cipite des pans entiers de la soci\u00e9t\u00e9 dans le d\u00e9nuement total. Incapable de construire des \u00e9conomies solides r\u00e9pondant aux besoins r\u00e9els des peuples, le n\u00e9olib\u00e9ralisme abusif n\u2019est utile et valable que pour ceux qui en commandent les leviers. Puisse cette crise du Covid-19 r\u00e9veiller la conscience endormie de tant de peuples qui doivent imposer plus que jamais le renaissance de leurs \u00c9tats-Nations, l\u00e0 o\u00f9 les unions factices b\u00e2ties sur le profit ont cr\u00e9\u00e9 un vide sid\u00e9ral dans le domaine social. L&rsquo;ampleur du d\u00e9sastre chez certains et la r\u00e9ussite relative chez les autres montrent toute l&rsquo;\u00e9tendue de la diff\u00e9rence qui existe entre les \u00c9tats privatis\u00e9s et ceux qui sont rest\u00e9s au service de la majorit\u00e9.<br \/>La Chine que nous visitions il y a pr\u00e8s d&rsquo;un demi-si\u00e8cle n&rsquo;est plus la m\u00eame. Tant de choses ont chang\u00e9. A l&rsquo;\u00e9poque, nous f\u00fbmes re\u00e7us par Chou en La\u00ef et Deng Xiao Ping. Le premier n&rsquo;\u00e9tait pas en forme alors que le second rayonnait de sant\u00e9. Mais le grand r\u00e9formateur qu&rsquo;il fut par la suite ne montra aucune diff\u00e9rence id\u00e9ologique avec le premier car nous \u00e9tions en pleine r\u00e9volution culturelle et le seul langage admis \u00e9tait celui de la dictature du prol\u00e9tariat.<br \/>En me rangeant derri\u00e8re ce petit homme rondelet pour la photo-souvenir, j&rsquo;\u00e9tais loin de m&rsquo;imaginer qu&rsquo;il dirigera un jour la Chine pour y introduire des r\u00e9formes hardies qui ont donn\u00e9 puissance et modernit\u00e9 \u00e0 cette nation mill\u00e9naire. Deng Xiao Ping n&rsquo;est pas un magicien. Il ne s&rsquo;est pas \u00e9cart\u00e9 de la ligne du Parti communiste pour l&rsquo;orientation id\u00e9ologique g\u00e9n\u00e9rale mais il ne tarda pas \u00e0 se d\u00e9tourner du livre rouge de Mao Ts\u00e9 Toung (malade lors de notre visite) pour puiser chez le vieux Confucius les recettes d&rsquo;un empirisme stup\u00e9fiant d&rsquo;efficacit\u00e9. C&rsquo;est ce dosage de la toute-puissance de l&rsquo;\u00c9tat, protecteur du peuple, avec l&rsquo;esprit d&rsquo;initiative et de libre entreprise qui ont fait le succ\u00e8s de sa politique.<br \/>Pendant que les imp\u00e9rialistes multipliaient les guerres pour simplement aider leurs copains fabricants d&rsquo;armes, les Chinois travaillaient dans la paix pour inventer les solutions de demain. Ils sont \u00e0 des si\u00e8cles lumi\u00e8res du reste du monde.<br \/><em><strong>M. F.<\/strong><\/em><\/p>\n<p>Auteur:<br \/>\n<a href=\"https:\/\/www.lesoirdalgerie.com\/les-choses-de-la-vie\/pekin-le-1er-mai-1975-42355\">Cliquez ici pour lire l&rsquo;article depuis sa source.<\/a><\/p>\n","protected":false},"excerpt":{"rendered":"<p>Le 1er mai donne \u00e0 la m\u00e9galopole chinoise l&rsquo;allure d&rsquo;un immense parc d&rsquo;attractions, mais pas n&rsquo;importe lequel. La profusion des couleurs domin\u00e9es par le rouge vif si typique des vieux palais imp\u00e9riaux, l&rsquo;\u00e9clat des lanternes agit\u00e9es par les petits vents matinaux tout au long de ces longues rues bariol\u00e9es, la farandole pittoresque des interminables et [&hellip;]<\/p>\n","protected":false},"author":1741,"featured_media":0,"comment_status":"closed","ping_status":"closed","sticky":false,"template":"","format":"standard","meta":{"fifu_image_url":"","fifu_image_alt":"","footnotes":""},"categories":[73,53],"tags":[],"class_list":["post-85499","post","type-post","status-publish","format-standard","hentry","category-actualite","category-algerie"],"_links":{"self":[{"href":"https:\/\/linitiative.ca\/International\/wp-json\/wp\/v2\/posts\/85499","targetHints":{"allow":["GET"]}}],"collection":[{"href":"https:\/\/linitiative.ca\/International\/wp-json\/wp\/v2\/posts"}],"about":[{"href":"https:\/\/linitiative.ca\/International\/wp-json\/wp\/v2\/types\/post"}],"author":[{"embeddable":true,"href":"https:\/\/linitiative.ca\/International\/wp-json\/wp\/v2\/users\/1741"}],"replies":[{"embeddable":true,"href":"https:\/\/linitiative.ca\/International\/wp-json\/wp\/v2\/comments?post=85499"}],"version-history":[{"count":0,"href":"https:\/\/linitiative.ca\/International\/wp-json\/wp\/v2\/posts\/85499\/revisions"}],"wp:attachment":[{"href":"https:\/\/linitiative.ca\/International\/wp-json\/wp\/v2\/media?parent=85499"}],"wp:term":[{"taxonomy":"category","embeddable":true,"href":"https:\/\/linitiative.ca\/International\/wp-json\/wp\/v2\/categories?post=85499"},{"taxonomy":"post_tag","embeddable":true,"href":"https:\/\/linitiative.ca\/International\/wp-json\/wp\/v2\/tags?post=85499"}],"curies":[{"name":"wp","href":"https:\/\/api.w.org\/{rel}","templated":true}]}}