{"id":85503,"date":"2020-05-14T12:11:29","date_gmt":"2020-05-14T16:11:29","guid":{"rendered":"https:\/\/linitiative.ca\/International\/ecoles-la-raison-finit-par-lemporter\/"},"modified":"2020-05-14T12:11:29","modified_gmt":"2020-05-14T16:11:29","slug":"ecoles-la-raison-finit-par-lemporter","status":"publish","type":"post","link":"https:\/\/linitiative.ca\/International\/ecoles-la-raison-finit-par-lemporter\/","title":{"rendered":"Ecoles : La raison finit par l\u2019emporter"},"content":{"rendered":"<p><strong>C\u2019\u00e9tait l\u2019unique possibilit\u00e9, le gouvernement a fini par s\u2019y r\u00e9soudre. L\u2019ann\u00e9e scolaire est termin\u00e9e sauf pour l\u2019examen du baccalaur\u00e9at, beaucoup d\u2019illusions ont \u00e9t\u00e9 enterr\u00e9es.<\/strong><\/p>\n<div class=\"c10\"\/>\n<p>La premi\u00e8re c\u2019est de laisser entendre que l\u2019on pouvait reprendre les cours, tout en respectant les mesures sanitaires. Avec des classes de 42 \u00e9l\u00e8ves, des <strong>\u00e9coles<\/strong> sans eau courante, ce n\u2019\u00e9tait qu\u2019une chim\u00e8re et il est bon que l\u2019on arr\u00eate de divaguer.<\/p>\n<p>Le minist\u00e8re a aussi balay\u00e9 l\u2019enseignement \u00e0 distance. Amzazi a dit devant le parlement que seules les notes obtenues en classe serviront pour les passages \u00ab pour assurer l\u2019\u00e9galit\u00e9 des chances \u00bb. Il reconna\u00eet donc que tous les \u00e9l\u00e8ves n\u2019ont pas eu le m\u00eame acc\u00e8s aux cours \u00e0 distance, apr\u00e8s avoir soutenu l\u2019inverse pendant deux mois. Quand on conna\u00eet les d\u00e9serts digitaux, les r\u00e9alit\u00e9s des familles nombreuses et pauvres, cette perspective \u00e9tait un mensonge d\u2019Etat. On l\u2019enterre, tant mieux.<\/p>\n<p>Lire aussi : <a href=\"https:\/\/www.challenge.ma\/coronavirus-la-reprise-des-classes-repoussee-a-septembre-140179\/\">Coronavirus : la reprise des classes repouss\u00e9e \u00e0 septembre mais le bac maintenu<\/a><\/p>\n<p>Le ministre dit que le mois de septembre servira \u00e0 une sorte de remise \u00e0 niveau. C\u2019est une bonne nouvelle parce qu\u2019il ne faut pas que les \u00e9l\u00e8ves tra\u00eenent ce manque toute leur scolarit\u00e9.<\/p>\n<p>D\u2019ailleurs, que le baccalaur\u00e9at ne concerne que deux trimestres peut s\u00e9rieusement le d\u00e9valoriser, mais on ne va pas faire la fine bouche.<\/p>\n<p>Depuis le d\u00e9but de la <strong>pand\u00e9mie<\/strong>, on a mis en retrait le principe de r\u00e9alit\u00e9 au profit d\u2019un principe de pr\u00e9caution sanitaire, parfois hypertrophi\u00e9 parce qu\u2019il n\u2019y a aucune certitude scientifique. Amzazi, s\u00fbrement en voulant bien faire, est tomb\u00e9 dans des r\u00eaveries intenables face aux moyens qui sont les siens.<\/p>\n<p>Il n\u2019y a aucune honte \u00e0 changer d\u2019optique, surtout dans cette p\u00e9riode o\u00f9 nul ne sait rien, le cimeti\u00e8re des certitudes \u00e9tant plein. Mais il faudra r\u00e9pondre \u00e0 une autre question, celle de l\u2019<strong>universit\u00e9<\/strong>, des parcours \u00e0 s\u00e9lection pr\u00e9alable et ce n\u2019est pas le plus simple. Une promotion de bac d\u00e9valoris\u00e9 peut-elle suivre un cursus normal \u00e0 l\u2019\u00e9tage au-dessus ? C\u2019est une vraie question.<\/p>\n<div class=\"c17\">\n<fieldset class=\"c16\">\n<legend><strong><span class=\"c11\">Challenge<\/span><span class=\"c12\">news<\/span><\/strong><\/legend>\n<div class=\"c15\">Le meilleur de Challenge s\u00e9lectionn\u00e9 par la r\u00e9daction :<\/p>\n<\/div>\n<\/fieldset>\n<\/div>\n<p>Auteur: Jamal Berraoui<br \/>\n<a href=\"https:\/\/www.challenge.ma\/ecoles-la-raison-finit-par-lemporter-140331\/\">Cliquez ici pour lire l&rsquo;article depuis sa source.<\/a><\/p>\n","protected":false},"excerpt":{"rendered":"<p>C\u2019\u00e9tait l\u2019unique possibilit\u00e9, le gouvernement a fini par s\u2019y r\u00e9soudre. L\u2019ann\u00e9e scolaire est termin\u00e9e sauf pour l\u2019examen du baccalaur\u00e9at, beaucoup d\u2019illusions ont \u00e9t\u00e9 enterr\u00e9es. La premi\u00e8re c\u2019est de laisser entendre que l\u2019on pouvait reprendre les cours, tout en respectant les mesures sanitaires. Avec des classes de 42 \u00e9l\u00e8ves, des \u00e9coles sans eau courante, ce n\u2019\u00e9tait [&hellip;]<\/p>\n","protected":false},"author":1787,"featured_media":0,"comment_status":"closed","ping_status":"closed","sticky":false,"template":"","format":"standard","meta":{"fifu_image_url":"","fifu_image_alt":"","footnotes":""},"categories":[78,54],"tags":[],"class_list":["post-85503","post","type-post","status-publish","format-standard","hentry","category-economie","category-maroc"],"_links":{"self":[{"href":"https:\/\/linitiative.ca\/International\/wp-json\/wp\/v2\/posts\/85503","targetHints":{"allow":["GET"]}}],"collection":[{"href":"https:\/\/linitiative.ca\/International\/wp-json\/wp\/v2\/posts"}],"about":[{"href":"https:\/\/linitiative.ca\/International\/wp-json\/wp\/v2\/types\/post"}],"author":[{"embeddable":true,"href":"https:\/\/linitiative.ca\/International\/wp-json\/wp\/v2\/users\/1787"}],"replies":[{"embeddable":true,"href":"https:\/\/linitiative.ca\/International\/wp-json\/wp\/v2\/comments?post=85503"}],"version-history":[{"count":0,"href":"https:\/\/linitiative.ca\/International\/wp-json\/wp\/v2\/posts\/85503\/revisions"}],"wp:attachment":[{"href":"https:\/\/linitiative.ca\/International\/wp-json\/wp\/v2\/media?parent=85503"}],"wp:term":[{"taxonomy":"category","embeddable":true,"href":"https:\/\/linitiative.ca\/International\/wp-json\/wp\/v2\/categories?post=85503"},{"taxonomy":"post_tag","embeddable":true,"href":"https:\/\/linitiative.ca\/International\/wp-json\/wp\/v2\/tags?post=85503"}],"curies":[{"name":"wp","href":"https:\/\/api.w.org\/{rel}","templated":true}]}}