{"id":85530,"date":"2020-05-14T14:18:05","date_gmt":"2020-05-14T18:18:05","guid":{"rendered":"https:\/\/linitiative.ca\/International\/maroc-les-personnes-sous-dialyse-semblent-etre-plus-exposees-au-covid-19-nephrologue\/"},"modified":"2020-05-14T14:18:05","modified_gmt":"2020-05-14T18:18:05","slug":"maroc-les-personnes-sous-dialyse-semblent-etre-plus-exposees-au-covid-19-nephrologue","status":"publish","type":"post","link":"https:\/\/linitiative.ca\/International\/maroc-les-personnes-sous-dialyse-semblent-etre-plus-exposees-au-covid-19-nephrologue\/","title":{"rendered":"Maroc : Les personnes sous dialyse semblent \u00eatre plus expos\u00e9es au Covid-19 (n\u00e9phrologue)"},"content":{"rendered":"<div readability=\"32\">\n<p>Publi\u00e9 le 14.05.2020 \u00e0 19h18 par APA News<\/p>\n<\/div>\n<div readability=\"98\">\n<p>Propos recueillis par Hicham Alaoui \u2013 Les personnes avec une maladie chroniques ou sous dialyse semblent \u00eatre plus \u00e0 risque d\u2019\u00eatre infect\u00e9 par le covid-19 et aussi de d\u00e9velopper une forme grave du coronavirus, a affirm\u00e9 Mme Amal Bourquia, Professeur de n\u00e9phrologie et dialyse.En effet, les patients en dialyse \u00ab pr\u00e9sentent de nombreux facteurs de comorbidit\u00e9 qui les fragilisent encore plus et un cadre sp\u00e9cifique de traitement regroupant dans le m\u00eame espace de nombreux patients \u00e0 savoir les centres d\u2019h\u00e9modialyse \u00bb, a-t-elle soulign\u00e9 dans une interview \u00e0 APA.<\/p>\n<p>Pour ce qui est des mesures devant \u00eatre prises pour prot\u00e9ger ces malades du Covid-19 et assurer leur traitement dans des conditions saines, Pr. Bourquia a insist\u00e9 sur la n\u00e9cessaire de la prise de mesures de pr\u00e9vention, de protection, de d\u00e9pistage, d\u2019isolement et de distribution dans la gestion de la pand\u00e9mie, ajoutant que \u00ab ces patients souffrant d\u2019insuffisance r\u00e9nale doivent \u00eatre pris aux premiers stades de la maladie par tous les centres \u00bb.<\/p>\n<p>Selon elle, les patients dialys\u00e9s sont appel\u00e9s \u00e0 suivre une s\u00e9rie de conseils notamment privil\u00e9gier le transport individuel lors du d\u00e9placement vers et depuis les centres de dialyse et le port d\u2019un masque facial et le garder pendant toute la s\u00e9ance de dialyse.<\/p>\n<p>De m\u00eame, il faut informer le personnel au cas d\u2019apparition de fi\u00e8vre ou des sympt\u00f4mes respiratoires ou autres pour que le m\u00e9decin traitant puisse indiquer le traitement \u00e0 suivre. Aussi, \u00ab il faut \u00e9viter le contact avec les autres malades et limiter autant que possible les contacts directs avec l\u2019entourage \u00bb, tient \u00e0 recommander Pr. Bourquia, membre fondateur de nombreuses soci\u00e9t\u00e9s et d\u2019associations telles que la Soci\u00e9t\u00e9 marocaine des maladies r\u00e9nales, l\u2019Association m\u00e9diterran\u00e9enne des maladies r\u00e9nales et la Soci\u00e9t\u00e9 marocaine de n\u00e9phrologie p\u00e9diatrique.<\/p>\n<p>En dehors des s\u00e9ances de dialyse, ces patients doivent rester \u00e0 la maison les jours sans dialyse et garder un espace avec les autres, en particulier avec les enfants et petits-enfants, qui peuvent transmettre la maladie sans pr\u00e9senter de sympt\u00f4mes, a conseill\u00e9 Pr. Amal Bouquia, qui est \u00e9galement pr\u00e9sidente de l\u2019Association marocaine de lutte contre les maladies r\u00e9nales \u00ab Reins \u00bb et repr\u00e9sentante de l\u2019Afrique au sein de l\u2019Association internationale de n\u00e9phrologie p\u00e9diatrique.<\/p>\n<p>Concernant la prise en charge des patients sous dialyse affect\u00e9s par Covid-19, elle est effectu\u00e9e dans des centres d\u00e9di\u00e9s \u00e0 cette pand\u00e9mie et selon des protocoles stricts afin de minimiser le risque pour les autres patients et le personnel soignant.<\/p>\n<p>Interrog\u00e9 sur l\u2019op\u00e9ration de don d\u2019organe durant cette crise, Pr. Bourquia a fait savoir que les derniers travaux ont montr\u00e9 que le virus s\u2019attaque aussi aux reins, ce qui interdit toute utilisation de ces organes. \u00ab Personne n\u2019a \u00e9voqu\u00e9 cette possibilit\u00e9 cependant et tenant compte de ces d\u00e9couvertes post mortem aucune greffe \u00e0 partir de ces sujets n\u2019est envisageable \u00bb, a-t-elle conclu.<\/p>\n<p>Impliqu\u00e9e depuis de nombreuses ann\u00e9es dans la prise en charge des maladies r\u00e9nales, Pr Amal Bourquia fait partie de la premi\u00e8re g\u00e9n\u00e9ration des n\u00e9phrologues au Maroc. Elle contribue activement \u00e0 l\u2019information du public et \u00e0 la sensibilisation de la communaut\u00e9 m\u00e9dicale et des pouvoirs publics sur l\u2019\u00e9volution des maladies r\u00e9nales et les moyens de leur prise en charge.<\/p>\n<p>Tr\u00e8s active dans son domaine, Pr. Bourquia compte \u00e0 son actif une quinzaine d\u2019ouvrages sur la n\u00e9phrologie qui sont venus enrichir la recherche dans les domaines de la dialyse et de la transplantation r\u00e9nale.<\/p>\n<\/div>\n<p>Auteur: APA News<br \/>\n<a href=\"https:\/\/www.journalducameroun.com\/maroc-les-personnes-sous-dialyse-semblent-etre-plus-exposees-au-covid-19-nephrologue\/\">Cliquez ici pour lire l&rsquo;article depuis sa source.<\/a><\/p>\n","protected":false},"excerpt":{"rendered":"<p>Publi\u00e9 le 14.05.2020 \u00e0 19h18 par APA News Propos recueillis par Hicham Alaoui \u2013 Les personnes avec une maladie chroniques ou sous dialyse semblent \u00eatre plus \u00e0 risque d\u2019\u00eatre infect\u00e9 par le covid-19 et aussi de d\u00e9velopper une forme grave du coronavirus, a affirm\u00e9 Mme Amal Bourquia, Professeur de n\u00e9phrologie et dialyse.En effet, les patients [&hellip;]<\/p>\n","protected":false},"author":1965,"featured_media":0,"comment_status":"closed","ping_status":"closed","sticky":false,"template":"","format":"standard","meta":{"fifu_image_url":"","fifu_image_alt":"","footnotes":""},"categories":[73,82],"tags":[],"class_list":["post-85530","post","type-post","status-publish","format-standard","hentry","category-actualite","category-cameroun"],"_links":{"self":[{"href":"https:\/\/linitiative.ca\/International\/wp-json\/wp\/v2\/posts\/85530","targetHints":{"allow":["GET"]}}],"collection":[{"href":"https:\/\/linitiative.ca\/International\/wp-json\/wp\/v2\/posts"}],"about":[{"href":"https:\/\/linitiative.ca\/International\/wp-json\/wp\/v2\/types\/post"}],"author":[{"embeddable":true,"href":"https:\/\/linitiative.ca\/International\/wp-json\/wp\/v2\/users\/1965"}],"replies":[{"embeddable":true,"href":"https:\/\/linitiative.ca\/International\/wp-json\/wp\/v2\/comments?post=85530"}],"version-history":[{"count":0,"href":"https:\/\/linitiative.ca\/International\/wp-json\/wp\/v2\/posts\/85530\/revisions"}],"wp:attachment":[{"href":"https:\/\/linitiative.ca\/International\/wp-json\/wp\/v2\/media?parent=85530"}],"wp:term":[{"taxonomy":"category","embeddable":true,"href":"https:\/\/linitiative.ca\/International\/wp-json\/wp\/v2\/categories?post=85530"},{"taxonomy":"post_tag","embeddable":true,"href":"https:\/\/linitiative.ca\/International\/wp-json\/wp\/v2\/tags?post=85530"}],"curies":[{"name":"wp","href":"https:\/\/api.w.org\/{rel}","templated":true}]}}