{"id":85532,"date":"2020-05-14T16:18:03","date_gmt":"2020-05-14T20:18:03","guid":{"rendered":"https:\/\/linitiative.ca\/International\/ghana-linflation-grimpe-a-106-en-avril\/"},"modified":"2020-05-14T16:18:03","modified_gmt":"2020-05-14T20:18:03","slug":"ghana-linflation-grimpe-a-106-en-avril","status":"publish","type":"post","link":"https:\/\/linitiative.ca\/International\/ghana-linflation-grimpe-a-106-en-avril\/","title":{"rendered":"Ghana: l\u2019inflation grimpe \u00e0 10,6% en avril"},"content":{"rendered":"<div readability=\"32\">\n<p>Publi\u00e9 le 14.05.2020 \u00e0 21h18 par APA News<\/p>\n<\/div>\n<div readability=\"70\">\n<p>Le statisticien du gouvernement ghan\u00e9en, le professeur Samuel Kobina Annim, a d\u00e9clar\u00e9 que l\u2019inflation du pays pour le mois d\u2019avril est mont\u00e9e \u00e0 10,6%.<\/p>\n<p>Le Pr. Annim a d\u00e9clar\u00e9 lors d\u2019une conf\u00e9rence de presse \u00e0 Accra que le chiffre de l\u2019inflation pour le mois d\u2019avril \u00e9tait plus \u00e9lev\u00e9 que celui de 7,8% enregistr\u00e9 en mars de cette ann\u00e9e\u00a0; chiffre qu\u2019il a d\u00e9crit comme \u00e9tant le plus \u00e9lev\u00e9 depuis ao\u00fbt 2019.<\/p>\n<p>\u00a0Ce chiffre \u00e9lev\u00e9, a-t-il expliqu\u00e9, \u00e9tait d\u00fb en grande partie \u00e0 la hausse des prix du gari, du manioc frais, de l\u2019igname et du plantain, entre autres produits du panier alimentaire et des boissons non alcoolis\u00e9es.<\/p>\n<p>\u00a0Le statisticien du gouvernement a \u00e9galement imput\u00e9 la hausse du taux d\u2019inflation en avril aux restrictions impos\u00e9es aux d\u00e9placements dans la r\u00e9gion du Grand Accra et dans certaines parties des r\u00e9gions d\u2019Ashanti et du centre.<\/p>\n<p>Selon lui, les restrictions ont fait monter en fl\u00e8che les prix des biens et des services, en particulier ceux du panier alimentaire, ce qui a entra\u00een\u00e9 un pic de l\u2019inflation \u00e0 10,6% en avril.<\/p>\n<p>Selon les m\u00e9dias locaux jeudi, l\u2019inflation alimentaire mensuelle s\u2019\u00e9levait \u00e0 6,4%, indiquant qu\u2019entre mars 2020 et avril 2020, le niveau moyen des prix des denr\u00e9es alimentaires et des boissons non alcoolis\u00e9es a augment\u00e9 de 6,4%.<\/p>\n<\/div>\n<p>Auteur: APA News<br \/>\n<a href=\"https:\/\/www.journalducameroun.com\/ghana-linflation-grimpe-a-106-en-avril\/\">Cliquez ici pour lire l&rsquo;article depuis sa source.<\/a><\/p>\n","protected":false},"excerpt":{"rendered":"<p>Publi\u00e9 le 14.05.2020 \u00e0 21h18 par APA News Le statisticien du gouvernement ghan\u00e9en, le professeur Samuel Kobina Annim, a d\u00e9clar\u00e9 que l\u2019inflation du pays pour le mois d\u2019avril est mont\u00e9e \u00e0 10,6%. Le Pr. Annim a d\u00e9clar\u00e9 lors d\u2019une conf\u00e9rence de presse \u00e0 Accra que le chiffre de l\u2019inflation pour le mois d\u2019avril \u00e9tait plus [&hellip;]<\/p>\n","protected":false},"author":1965,"featured_media":0,"comment_status":"closed","ping_status":"closed","sticky":false,"template":"","format":"standard","meta":{"fifu_image_url":"","fifu_image_alt":"","footnotes":""},"categories":[73,82],"tags":[],"class_list":["post-85532","post","type-post","status-publish","format-standard","hentry","category-actualite","category-cameroun"],"_links":{"self":[{"href":"https:\/\/linitiative.ca\/International\/wp-json\/wp\/v2\/posts\/85532","targetHints":{"allow":["GET"]}}],"collection":[{"href":"https:\/\/linitiative.ca\/International\/wp-json\/wp\/v2\/posts"}],"about":[{"href":"https:\/\/linitiative.ca\/International\/wp-json\/wp\/v2\/types\/post"}],"author":[{"embeddable":true,"href":"https:\/\/linitiative.ca\/International\/wp-json\/wp\/v2\/users\/1965"}],"replies":[{"embeddable":true,"href":"https:\/\/linitiative.ca\/International\/wp-json\/wp\/v2\/comments?post=85532"}],"version-history":[{"count":0,"href":"https:\/\/linitiative.ca\/International\/wp-json\/wp\/v2\/posts\/85532\/revisions"}],"wp:attachment":[{"href":"https:\/\/linitiative.ca\/International\/wp-json\/wp\/v2\/media?parent=85532"}],"wp:term":[{"taxonomy":"category","embeddable":true,"href":"https:\/\/linitiative.ca\/International\/wp-json\/wp\/v2\/categories?post=85532"},{"taxonomy":"post_tag","embeddable":true,"href":"https:\/\/linitiative.ca\/International\/wp-json\/wp\/v2\/tags?post=85532"}],"curies":[{"name":"wp","href":"https:\/\/api.w.org\/{rel}","templated":true}]}}