{"id":85533,"date":"2020-05-14T16:18:06","date_gmt":"2020-05-14T20:18:06","guid":{"rendered":"https:\/\/linitiative.ca\/International\/maquis-et-restaurants-dabidjan-rouvrent-les-boites-de-nuit-et-bars-restent-fermes\/"},"modified":"2020-05-14T16:18:06","modified_gmt":"2020-05-14T20:18:06","slug":"maquis-et-restaurants-dabidjan-rouvrent-les-boites-de-nuit-et-bars-restent-fermes","status":"publish","type":"post","link":"https:\/\/linitiative.ca\/International\/maquis-et-restaurants-dabidjan-rouvrent-les-boites-de-nuit-et-bars-restent-fermes\/","title":{"rendered":"Maquis et restaurants d\u2019Abidjan rouvrent, les bo\u00eetes de nuit et bars restent ferm\u00e9s"},"content":{"rendered":"<div readability=\"32\">\n<p>Publi\u00e9 le 14.05.2020 \u00e0 21h18 par APA News<\/p>\n<\/div>\n<div readability=\"52\">\n<p>Le Conseil national de s\u00e9curit\u00e9 (CNS) a annonc\u00e9 jeudi au terme d\u2019une r\u00e9union pr\u00e9sid\u00e9e par le chef de l\u2019\u00c9tat ivoirien Alassane Ouattara, la r\u00e9ouverture des maquis et restaurants dans le Grand Abidjan ( Abidjan et banlieue) \u00e0 partir du vendredi 15 mai et a maintenu cependant la fermeture des bars, bo\u00eetes de nuit, cin\u00e9ma et lieux de spectacle jusqu\u2019au 31 mai prochain.Cette r\u00e9ouverture des maquis et restaurants, a soulign\u00e9 le CNS devra se faire \u00ab dans le strict respect des mesures barri\u00e8res de lutte contre la Covid-19, notamment le lavage r\u00e9gulier des mains au savon ou avec une solution hydroalcoolique, le port du masque et la distanciation physique d\u2019au moins un m\u00e8tre \u00e9tant entendu que les h\u00f4tels restent ouverts \u00bb.<\/p>\n<p>Plusieurs autres mesures ont sanctionn\u00e9 cette rencontre, notamment la reconduction de l\u2019\u00e9tat d\u2019urgence sur toute l\u2019\u00e9tendue du territoire national jusqu\u2019au 31 mai prochain et le maintien de la fermeture des fronti\u00e8res terrestres, a\u00e9riennes et maritimes.<\/p>\n<p>Depuis mars dernier, les maquis et restaurants ont \u00e9t\u00e9 contraints \u00e0 fermer en C\u00f4te d\u2019Ivoire pour casser la cha\u00eene de transmission de la maladie \u00e0 Covid-19 dont le pays enregistre \u00e0 ce jour 1971 cas confirm\u00e9s avec 930 gu\u00e9ris et 24 d\u00e9c\u00e8s.<\/p>\n<\/div>\n<p>Auteur: APA News<br \/>\n<a href=\"https:\/\/www.journalducameroun.com\/maquis-et-restaurants-dabidjan-rouvrent-les-boites-de-nuit-et-bars-restent-fermes\/\">Cliquez ici pour lire l&rsquo;article depuis sa source.<\/a><\/p>\n","protected":false},"excerpt":{"rendered":"<p>Publi\u00e9 le 14.05.2020 \u00e0 21h18 par APA News Le Conseil national de s\u00e9curit\u00e9 (CNS) a annonc\u00e9 jeudi au terme d\u2019une r\u00e9union pr\u00e9sid\u00e9e par le chef de l\u2019\u00c9tat ivoirien Alassane Ouattara, la r\u00e9ouverture des maquis et restaurants dans le Grand Abidjan ( Abidjan et banlieue) \u00e0 partir du vendredi 15 mai et a maintenu cependant la [&hellip;]<\/p>\n","protected":false},"author":1965,"featured_media":0,"comment_status":"closed","ping_status":"closed","sticky":false,"template":"","format":"standard","meta":{"fifu_image_url":"","fifu_image_alt":"","footnotes":""},"categories":[73,82],"tags":[],"class_list":["post-85533","post","type-post","status-publish","format-standard","hentry","category-actualite","category-cameroun"],"_links":{"self":[{"href":"https:\/\/linitiative.ca\/International\/wp-json\/wp\/v2\/posts\/85533","targetHints":{"allow":["GET"]}}],"collection":[{"href":"https:\/\/linitiative.ca\/International\/wp-json\/wp\/v2\/posts"}],"about":[{"href":"https:\/\/linitiative.ca\/International\/wp-json\/wp\/v2\/types\/post"}],"author":[{"embeddable":true,"href":"https:\/\/linitiative.ca\/International\/wp-json\/wp\/v2\/users\/1965"}],"replies":[{"embeddable":true,"href":"https:\/\/linitiative.ca\/International\/wp-json\/wp\/v2\/comments?post=85533"}],"version-history":[{"count":0,"href":"https:\/\/linitiative.ca\/International\/wp-json\/wp\/v2\/posts\/85533\/revisions"}],"wp:attachment":[{"href":"https:\/\/linitiative.ca\/International\/wp-json\/wp\/v2\/media?parent=85533"}],"wp:term":[{"taxonomy":"category","embeddable":true,"href":"https:\/\/linitiative.ca\/International\/wp-json\/wp\/v2\/categories?post=85533"},{"taxonomy":"post_tag","embeddable":true,"href":"https:\/\/linitiative.ca\/International\/wp-json\/wp\/v2\/tags?post=85533"}],"curies":[{"name":"wp","href":"https:\/\/api.w.org\/{rel}","templated":true}]}}