{"id":85534,"date":"2020-05-14T17:18:03","date_gmt":"2020-05-14T21:18:03","guid":{"rendered":"https:\/\/linitiative.ca\/International\/namibie-le-president-namibien-gele-lachat-de-nouveaux-vehicules-pour-cinq-ans\/"},"modified":"2020-05-14T17:18:03","modified_gmt":"2020-05-14T21:18:03","slug":"namibie-le-president-namibien-gele-lachat-de-nouveaux-vehicules-pour-cinq-ans","status":"publish","type":"post","link":"https:\/\/linitiative.ca\/International\/namibie-le-president-namibien-gele-lachat-de-nouveaux-vehicules-pour-cinq-ans\/","title":{"rendered":"Namibie: Le pr\u00e9sident namibien g\u00e8le l\u2019achat de nouveaux v\u00e9hicules pour cinq ans"},"content":{"rendered":"<div readability=\"32\">\n<p>Publi\u00e9 le 14.05.2020 \u00e0 22h18 par APA News<\/p>\n<\/div>\n<div readability=\"59\">\n<p>Le pr\u00e9sident namibien Hage Geingob a ordonn\u00e9 le gel de l\u2019achat de nouveaux v\u00e9hicules pour les ministres et autres fonctionnaires au cours des cinq prochaines ann\u00e9es, dans le cadre des mesures d\u2019aust\u00e9rit\u00e9 prises par son gouvernement.Dans un communiqu\u00e9 publi\u00e9 jeudi, la pr\u00e9sidence a indiqu\u00e9 que le dirigeant namibien a ordonn\u00e9 que la flotte automobile du gouvernement namibien \u00ab ne soit pas renouvel\u00e9e pour la p\u00e9riode 2020-2025 \u00bb.<\/p>\n<p>\u00a0\u00ab\u00a0Aucun nouveau v\u00e9hicule ne sera achet\u00e9 pour les membres de l\u2019ex\u00e9cutif et les titulaires de charges publiques du gouvernement namibien\u00a0\u00bb, a d\u00e9clar\u00e9 la pr\u00e9sidence.<\/p>\n<p>\u00a0Le bureau a d\u00e9clar\u00e9 que cette mesure devrait se traduire par des \u00e9conomies d\u2019environ 200 millions de dollars namibiens (environ 10,8 millions de dollars US) au cours des cinq prochaines ann\u00e9es.<\/p>\n<p>\u00a0Dans le cadre des mesures d\u2019aust\u00e9rit\u00e9, le pr\u00e9sident Geingob a \u00e9galement ordonn\u00e9 un plafonnement de la consommation mensuelle de carburant par les fonctionnaires.<\/p>\n<p>\u00a0Ces mesures interviennent alors que la Namibie s\u2019achemine vers une crise \u00e9conomique, caract\u00e9ris\u00e9e par une baisse des recettes publiques et aggrav\u00e9e par des s\u00e9cheresses r\u00e9currentes au cours des cinq derni\u00e8res ann\u00e9es.<\/p>\n<p>\u00a0Rien qu\u2019en 2019, plus de 30 millions de dollars US ont \u00e9t\u00e9 redirig\u00e9s vers l\u2019aide aux victimes de la s\u00e9cheresse pour plus de 600.000 Namibiens dans les 14 r\u00e9gions du pays.<\/p>\n<\/div>\n<p>Auteur: APA News<br \/>\n<a href=\"https:\/\/www.journalducameroun.com\/namibie-le-president-namibien-gele-lachat-de-nouveaux-vehicules-pour-cinq-ans\/\">Cliquez ici pour lire l&rsquo;article depuis sa source.<\/a><\/p>\n","protected":false},"excerpt":{"rendered":"<p>Publi\u00e9 le 14.05.2020 \u00e0 22h18 par APA News Le pr\u00e9sident namibien Hage Geingob a ordonn\u00e9 le gel de l\u2019achat de nouveaux v\u00e9hicules pour les ministres et autres fonctionnaires au cours des cinq prochaines ann\u00e9es, dans le cadre des mesures d\u2019aust\u00e9rit\u00e9 prises par son gouvernement.Dans un communiqu\u00e9 publi\u00e9 jeudi, la pr\u00e9sidence a indiqu\u00e9 que le dirigeant [&hellip;]<\/p>\n","protected":false},"author":1965,"featured_media":0,"comment_status":"closed","ping_status":"closed","sticky":false,"template":"","format":"standard","meta":{"fifu_image_url":"","fifu_image_alt":"","footnotes":""},"categories":[73,82],"tags":[],"class_list":["post-85534","post","type-post","status-publish","format-standard","hentry","category-actualite","category-cameroun"],"_links":{"self":[{"href":"https:\/\/linitiative.ca\/International\/wp-json\/wp\/v2\/posts\/85534","targetHints":{"allow":["GET"]}}],"collection":[{"href":"https:\/\/linitiative.ca\/International\/wp-json\/wp\/v2\/posts"}],"about":[{"href":"https:\/\/linitiative.ca\/International\/wp-json\/wp\/v2\/types\/post"}],"author":[{"embeddable":true,"href":"https:\/\/linitiative.ca\/International\/wp-json\/wp\/v2\/users\/1965"}],"replies":[{"embeddable":true,"href":"https:\/\/linitiative.ca\/International\/wp-json\/wp\/v2\/comments?post=85534"}],"version-history":[{"count":0,"href":"https:\/\/linitiative.ca\/International\/wp-json\/wp\/v2\/posts\/85534\/revisions"}],"wp:attachment":[{"href":"https:\/\/linitiative.ca\/International\/wp-json\/wp\/v2\/media?parent=85534"}],"wp:term":[{"taxonomy":"category","embeddable":true,"href":"https:\/\/linitiative.ca\/International\/wp-json\/wp\/v2\/categories?post=85534"},{"taxonomy":"post_tag","embeddable":true,"href":"https:\/\/linitiative.ca\/International\/wp-json\/wp\/v2\/tags?post=85534"}],"curies":[{"name":"wp","href":"https:\/\/api.w.org\/{rel}","templated":true}]}}