{"id":85551,"date":"2020-05-15T10:08:39","date_gmt":"2020-05-15T14:08:39","guid":{"rendered":"https:\/\/linitiative.ca\/International\/intitule-soubhanaka-allah-un-premier-single-religieux-pour-badr-soultan\/"},"modified":"2020-05-15T10:08:39","modified_gmt":"2020-05-15T14:08:39","slug":"intitule-soubhanaka-allah-un-premier-single-religieux-pour-badr-soultan","status":"publish","type":"post","link":"https:\/\/linitiative.ca\/International\/intitule-soubhanaka-allah-un-premier-single-religieux-pour-badr-soultan\/","title":{"rendered":"Intitul\u00e9 \u00abSoubhanaka Allah\u00bb : Un premier single religieux  pour Badr Soultan"},"content":{"rendered":"<p><img decoding=\"async\" class=\"post_layout_5_img\" src=\"http:\/\/aujourdhui.ma\/wp-content\/uploads\/2020\/05\/Badr-Soultan-Soubhanaka-Allah.jpg\" alt=\"Intitul&#xE9; &#xAB;Soubhanaka Allah&#xBB; : Un premier single religieux pour Badr Soultan\"\/><\/p>\n<p><span class=\"c7\"><strong>Le chanteur, de son vrai nom Badr Zakraoui, interpr\u00e8te \u00e9galement des chansons religieuses en l\u2019honneur du Proph\u00e8te lors des soir\u00e9es ramadanesques diffus\u00e9es sur les cha\u00eenes nationales.<\/strong><\/span><span id=\"more-345088\"\/><\/p>\n<p>Le chanteur marocain Badr Soultan vient de lancer un nouveau single religieux intitul\u00e9 \u00abSoubhanaka Allah\u00bb (Gloire \u00e0 Dieu). L\u2019annonce est faite par l\u2019artiste sur ses pages officielles Instagram et Facebook. \u00abC\u2019est la premi\u00e8re \u0153uvre religieuse dans ma carri\u00e8re artistique\u00bb, pr\u00e9cise-t-il en caressant un espoir. \u00abJ\u2019esp\u00e8re que vous l\u2019appr\u00e9cierez parce qu\u2019il a vu le jour dans ces circonstances difficiles\u00bb, indique l\u2019artiste \u00e0 l\u2019adresse de ses fans sur Instagram en faisant visiblement allusion \u00e0 la situation de confinement et de crise sanitaire due au Covid-19.<\/p>\n<p>\u00abC\u2019est une \u0153uvre n\u00e9e du fond du c\u0153ur\u00bb, exalte le chanteur \u00e0 propos de son single tourn\u00e9 en vid\u00e9oclip r\u00e9alis\u00e9 par Mohamed Kodiji. Les paroles et la composition \u00e9tant con\u00e7ues par Oualid El Makami. Quant \u00e0 l\u2019arrangement, il est fait par Ahmed Zaid, \u00e9galement producteur \u00e0 Max Team, au moment o\u00f9 la direction artistique est assur\u00e9e par Mohamed Zekraoui. Et ce n\u2019est pas tout. Pour concevoir son tube, Badr Soultan s\u2019est entour\u00e9 de l\u2019orchestre Istanbul Strings, dirig\u00e9 par Mert Kemanci avec la participation de l\u2019artiste Abderrahim Debouza, au cello.<br \/>Outre ce lancement, le chanteur a c\u00e9l\u00e9br\u00e9 son anniversaire en ce mois de mai. Un \u00e9v\u00e9nement qu\u2019il n\u2019a pas manqu\u00e9 d\u2019immortaliser par des photos et vid\u00e9os sur ses r\u00e9seaux sociaux tout en invitant ses followers \u00e0 se confiner en cette p\u00e9riode de coronavirus.<\/p>\n<p>Et ce n\u2019est pas tout. L\u2019artiste indique, dans les m\u00eames espaces, \u00eatre venu en aide \u00e0 des familles d\u00e9munies. \u00abL\u2019objectif \u00e9tant d\u2019encourager d\u2019autres \u00e0 la philanthropie, notamment en ces circonstances. C\u2019est un devoir qui nous incombe en tant que Marocains avant d\u2019\u00eatre artistes\u00bb, tranche-t-il.<br \/>Au-del\u00e0 de son nouveau single, le chanteur, de son vrai nom Badr Zakraoui, interpr\u00e8te \u00e9galement des chansons religieuses en l\u2019honneur du Proph\u00e8te lors des soir\u00e9es ramadanesques diffus\u00e9es sur les cha\u00eenes nationales. L\u2019artiste, n\u00e9 \u00e0 Ahfir, a aussi particip\u00e9 au festival Mawazine en 2019. Il a, de m\u00eame, pris part \u00e0 l\u2019\u00e9mission \u00abThe voice\u00bb. Pour l\u2019heure, il a chant\u00e9 \u00abRah li Rah\u00bb (Ce qui est parti, est parti), \u00abEl farha bekkatni\u00bb (La joie m\u2019a fait pleurer), \u00abKan alia nswel\u00bb (Je devais demander), \u00abJ\u2019ai pas envie\u00bb, \u00abNti Lallahom\u00bb (Tu es la meilleure), \u00abGalbi Yawjaani\u00bb (Mon c\u0153ur me fait mal) et \u00abLa Tgoulich La\u00bb (Ne dis pas non) avec Nadia Laaroussi.<\/p>\n<p>Pour rappel, l\u2019artiste est passionn\u00e9 pour l\u2019art depuis son plus jeune \u00e2ge. Il appr\u00e9cie vivement la musique, le dessin et le th\u00e9\u00e2tre. En 2007, il a re\u00e7u le prix du meilleur jeune chanteur marocain. Une cons\u00e9cration qui doit peser dans son parcours.<\/p>\n<p>Auteur: Salima Guisser<br \/>\n<a href=\"https:\/\/aujourdhui.ma\/culture\/musique\/intitule-soubhanaka-allah-un-premier-single-religieux-pour-badr-soultan\">Cliquez ici pour lire l&rsquo;article depuis sa source.<\/a><\/p>\n","protected":false},"excerpt":{"rendered":"<p>Le chanteur, de son vrai nom Badr Zakraoui, interpr\u00e8te \u00e9galement des chansons religieuses en l\u2019honneur du Proph\u00e8te lors des soir\u00e9es ramadanesques diffus\u00e9es sur les cha\u00eenes nationales. Le chanteur marocain Badr Soultan vient de lancer un nouveau single religieux intitul\u00e9 \u00abSoubhanaka Allah\u00bb (Gloire \u00e0 Dieu). L\u2019annonce est faite par l\u2019artiste sur ses pages officielles Instagram et [&hellip;]<\/p>\n","protected":false},"author":1759,"featured_media":85552,"comment_status":"closed","ping_status":"closed","sticky":false,"template":"","format":"standard","meta":{"fifu_image_url":"","fifu_image_alt":"","footnotes":""},"categories":[73,54],"tags":[],"class_list":["post-85551","post","type-post","status-publish","format-standard","has-post-thumbnail","hentry","category-actualite","category-maroc"],"_links":{"self":[{"href":"https:\/\/linitiative.ca\/International\/wp-json\/wp\/v2\/posts\/85551","targetHints":{"allow":["GET"]}}],"collection":[{"href":"https:\/\/linitiative.ca\/International\/wp-json\/wp\/v2\/posts"}],"about":[{"href":"https:\/\/linitiative.ca\/International\/wp-json\/wp\/v2\/types\/post"}],"author":[{"embeddable":true,"href":"https:\/\/linitiative.ca\/International\/wp-json\/wp\/v2\/users\/1759"}],"replies":[{"embeddable":true,"href":"https:\/\/linitiative.ca\/International\/wp-json\/wp\/v2\/comments?post=85551"}],"version-history":[{"count":0,"href":"https:\/\/linitiative.ca\/International\/wp-json\/wp\/v2\/posts\/85551\/revisions"}],"wp:featuredmedia":[{"embeddable":true,"href":"https:\/\/linitiative.ca\/International\/wp-json\/"}],"wp:attachment":[{"href":"https:\/\/linitiative.ca\/International\/wp-json\/wp\/v2\/media?parent=85551"}],"wp:term":[{"taxonomy":"category","embeddable":true,"href":"https:\/\/linitiative.ca\/International\/wp-json\/wp\/v2\/categories?post=85551"},{"taxonomy":"post_tag","embeddable":true,"href":"https:\/\/linitiative.ca\/International\/wp-json\/wp\/v2\/tags?post=85551"}],"curies":[{"name":"wp","href":"https:\/\/api.w.org\/{rel}","templated":true}]}}