{"id":85553,"date":"2020-05-15T10:49:23","date_gmt":"2020-05-15T14:49:23","guid":{"rendered":"https:\/\/linitiative.ca\/International\/massoud-bouhsin-au-niveau-culturel-les-repercussions-de-la-pandemie-seront-profondes\/"},"modified":"2020-05-15T10:49:23","modified_gmt":"2020-05-15T14:49:23","slug":"massoud-bouhsin-au-niveau-culturel-les-repercussions-de-la-pandemie-seront-profondes","status":"publish","type":"post","link":"https:\/\/linitiative.ca\/International\/massoud-bouhsin-au-niveau-culturel-les-repercussions-de-la-pandemie-seront-profondes\/","title":{"rendered":"Massoud Bouhsin: \u00abau niveau culturel, les r\u00e9percussions de la pand\u00e9mie seront profondes\u00bb"},"content":{"rendered":"<p class=\"has-text-color has-vivid-red-color c2\"><strong>Journ\u00e9e nationale du th\u00e9\u00e2tre<\/strong><\/p>\n<p class=\"c3\"><strong>Propos recueillis par Abdelatif Abilkassem (MAP)<\/strong><\/p>\n<div class=\"wp-block-image\"><img loading=\"lazy\" decoding=\"async\" src=\"http:\/\/albayane.press.ma\/wp-content\/uploads\/ouv-Masaood.jpg\" alt=\"\" class=\"wp-image-89310\" width=\"319\" height=\"188\"\/><\/div>\n<p class=\"has-text-color has-vivid-cyan-blue-color\"><strong>La journ\u00e9e nationale du th\u00e9\u00e2tre, c\u00e9l\u00e9br\u00e9 le 14 mai de chaque ann\u00e9e, intervient dans un contexte exceptionnel marqu\u00e9 par la suspension de l\u2019ensemble des manifestations et activit\u00e9s culturelles, y compris th\u00e9\u00e2trales, en raison de la pand\u00e9mie du nouveau coronavirus (Covid-19). Dans un entretien \u00e0 la MAP, le pr\u00e9sident du syndicat marocain des professionnels des arts dramatiques, Massoud Bouhsin, r\u00e9pond \u00e0 trois questions portant sur les r\u00e9percussions de Covid-19 sur le th\u00e9\u00e2tre, le r\u00f4le du th\u00e9\u00e2tre durant cette pand\u00e9mie et les moyens de r\u00e9habiliter le secteur th\u00e9\u00e2tral apr\u00e8s cette crise sanitaire.<\/strong><\/p>\n<p class=\"has-text-color has-vivid-red-color\"><strong>Quelles sont les principales r\u00e9percussions de la crise provoqu\u00e9e par le nouveau coronavirus sur le secteur th\u00e9\u00e2tral?<\/strong><\/p>\n<p>En v\u00e9rit\u00e9, la pand\u00e9mie a eu de nombreuse r\u00e9percussions sur le secteur, tant au niveau social que culturel. Au niveau social, cette pand\u00e9mie a co\u00efncid\u00e9 avec la p\u00e9riode de l\u2019ann\u00e9e o\u00f9 l\u2019activit\u00e9 th\u00e9\u00e2trale est \u00e0 son apog\u00e9e. De plus, le travail th\u00e9\u00e2tral est bas\u00e9 sur la pr\u00e9sence du public, alors que les activit\u00e9s culturelles li\u00e9es au spectacle \u00e9taient les premi\u00e8res \u00e0 \u00eatre suspendues et seront probablement les derni\u00e8res \u00e0 \u00eatre de nouveau lanc\u00e9es. D\u2019autant que la saison 2020 n\u2019a pas eu l\u2019opportunit\u00e9 d\u2019\u00e9clore, ce qui r\u00e9sume assez bien la souffrance sociale que subit une grande partie d\u2019artistes qui vivent de leur art.<\/p>\n<p>Au niveau culturel, les r\u00e9percussions de la pand\u00e9mie seront \u00abprofondes\u00bb, car l\u2019impact sur la production culturelle est telle qu\u2019un retour \u00e0 la normale sera impossible. Dans cette situation, il sera m\u00eame difficile de pr\u00e9server certains acquis de la sc\u00e8ne culturelle marocaine, au vu de la \u00abnonchalance\u00bb du d\u00e9partement de tutelle, \u00e0 la fois avant et durant le confinement.<\/p>\n<p class=\"has-text-color has-vivid-red-color\"><strong>Durant la p\u00e9riode de confinement, plusieurs initiatives ont \u00e9t\u00e9 organis\u00e9es pour pr\u00e9senter des spectacles en direct sur les r\u00e9seaux sociaux, des troupes ont m\u00eame pr\u00e9sent\u00e9 des spectacles gratuitement. Quel est, \u00e0 votre avis, le r\u00f4le d\u00e9volu \u00e0 l\u2019art en g\u00e9n\u00e9ral et au th\u00e9\u00e2tre en particulier pour r\u00e9duire le stress caus\u00e9 par le confinement?<\/strong><\/p>\n<p>L\u2019art, y compris le th\u00e9\u00e2tre, peut jouer un r\u00f4le important durant la p\u00e9riode de confinement \u00e0 travers des programmes alternatifs. C\u2019est d\u2019ailleurs ce qu\u2019on a vu dans de nombreux pays o\u00f9 les r\u00e9seaux sociaux ont \u00e9t\u00e9 mis \u00e0 profit pour pr\u00e9senter des monologues, des enregistrements de pi\u00e8ces th\u00e9\u00e2trales ou encore \u00e0 travers la diffusion en direct de genres nouveaux comme le th\u00e9\u00e2tre de conf\u00e9rence.<\/p>\n<p>Il existe des initiatives similaires ici et l\u00e0 au Maroc, mais les initiatives du d\u00e9partement de tutelle restent \u00ablimit\u00e9es\u00bb, car \u00e0 l\u2019exception de certaines directions r\u00e9gionales de culture, l\u2019offre culturelle alternative dans le domaine th\u00e9\u00e2tral reste \u00abinsuffisante\u00bb.<\/p>\n<p class=\"has-text-color has-vivid-red-color\"><strong>En tant que pr\u00e9sident du syndicat marocain des professionnels des arts dramatiques, quelle est votre vision pour promouvoir le secteur th\u00e9\u00e2tral apr\u00e8s la Covid-19?<\/strong><\/p>\n<p>La promotion du secteur artistique en g\u00e9n\u00e9ral a besoin d\u2019un gouvernement agissant et int\u00e9ress\u00e9 par le secteur. Le th\u00e9\u00e2tre a \u00e9t\u00e9 confront\u00e9 \u00e0 de \u00abnombreux obstacles\u00bb derni\u00e8rement et avec la crise de Covid-19, nous avons remarqu\u00e9 une absence de vision claire de la part du secteur culturel. Nous estimons donc qu\u2019il faut une intervention sur trois principaux niveaux.<\/p>\n<p>D\u2019abord, il faut accorder une importance \u00e0 l\u2019aspect social, notamment pour les artistes d\u00e9tenteurs de la carte d\u2019artiste ou de la carte du Centre cin\u00e9matographique marocain, qui vivent uniquement de leur art. Ensuite, il faut adopter des programmes alternatifs pouvant assurer la continuit\u00e9 de l\u2019offre culturelle et notamment th\u00e9\u00e2trale durant la p\u00e9riode de confinement.<\/p>\n<p>Le troisi\u00e8me niveau concerne la planification de l\u2019apr\u00e8s coronavirus, en rentabilisant cette p\u00e9riode de confinement \u00e0 travers l\u2019\u00e9laboration de projets artistiques et l\u2019annonce des subventions th\u00e9\u00e2trales pour l\u2019ann\u00e9e 2020. Cela permettra un gain de temps. En cas de prolongation de la dur\u00e9e de confinement, les subventions peuvent \u00eatre prolong\u00e9es.<\/p>\n<p>Il sera difficile d\u2019assurer une transition apr\u00e8s la p\u00e9riode de confinement vers une dynamique culturelle normale, car le travail culturel et th\u00e9\u00e2tral n\u00e9cessite une pr\u00e9paration sur papier et des entrainements avant le spectacle. Voil\u00e0 pourquoi, il faut annoncer les subventions, pr\u00e9senter les dossiers de candidatures, les traiter et annoncer les r\u00e9sultats, pour lancer les entrainements puis le spectacle. Cette op\u00e9ration demande un temps tr\u00e8s long et n\u00e9cessitera de sacrifier une saison ou deux et c\u2019est ce que doit assimiler le minist\u00e8re de la Culture.<\/p>\n<p>Auteur: M&rsquo;hammed rahal<br \/>\n<a href=\"http:\/\/albayane.press.ma\/massoud-bouhsin-au-niveau-culturel-les-repercussions-de-la-pandemie-seront-profondes.html\">Cliquez ici pour lire l&rsquo;article depuis sa source.<\/a><\/p>\n","protected":false},"excerpt":{"rendered":"<p>Journ\u00e9e nationale du th\u00e9\u00e2tre Propos recueillis par Abdelatif Abilkassem (MAP) La journ\u00e9e nationale du th\u00e9\u00e2tre, c\u00e9l\u00e9br\u00e9 le 14 mai de chaque ann\u00e9e, intervient dans un contexte exceptionnel marqu\u00e9 par la suspension de l\u2019ensemble des manifestations et activit\u00e9s culturelles, y compris th\u00e9\u00e2trales, en raison de la pand\u00e9mie du nouveau coronavirus (Covid-19). Dans un entretien \u00e0 la [&hellip;]<\/p>\n","protected":false},"author":1760,"featured_media":85554,"comment_status":"closed","ping_status":"closed","sticky":false,"template":"","format":"standard","meta":{"fifu_image_url":"","fifu_image_alt":"","footnotes":""},"categories":[73,54],"tags":[],"class_list":["post-85553","post","type-post","status-publish","format-standard","has-post-thumbnail","hentry","category-actualite","category-maroc"],"_links":{"self":[{"href":"https:\/\/linitiative.ca\/International\/wp-json\/wp\/v2\/posts\/85553","targetHints":{"allow":["GET"]}}],"collection":[{"href":"https:\/\/linitiative.ca\/International\/wp-json\/wp\/v2\/posts"}],"about":[{"href":"https:\/\/linitiative.ca\/International\/wp-json\/wp\/v2\/types\/post"}],"author":[{"embeddable":true,"href":"https:\/\/linitiative.ca\/International\/wp-json\/wp\/v2\/users\/1760"}],"replies":[{"embeddable":true,"href":"https:\/\/linitiative.ca\/International\/wp-json\/wp\/v2\/comments?post=85553"}],"version-history":[{"count":0,"href":"https:\/\/linitiative.ca\/International\/wp-json\/wp\/v2\/posts\/85553\/revisions"}],"wp:featuredmedia":[{"embeddable":true,"href":"https:\/\/linitiative.ca\/International\/wp-json\/"}],"wp:attachment":[{"href":"https:\/\/linitiative.ca\/International\/wp-json\/wp\/v2\/media?parent=85553"}],"wp:term":[{"taxonomy":"category","embeddable":true,"href":"https:\/\/linitiative.ca\/International\/wp-json\/wp\/v2\/categories?post=85553"},{"taxonomy":"post_tag","embeddable":true,"href":"https:\/\/linitiative.ca\/International\/wp-json\/wp\/v2\/tags?post=85553"}],"curies":[{"name":"wp","href":"https:\/\/api.w.org\/{rel}","templated":true}]}}