{"id":85555,"date":"2020-05-15T11:00:55","date_gmt":"2020-05-15T15:00:55","guid":{"rendered":"https:\/\/linitiative.ca\/International\/lamour-au-temps-du-cholera-de-mike-newell-une-oeuvre-immortelle\/"},"modified":"2020-05-15T11:00:55","modified_gmt":"2020-05-15T15:00:55","slug":"lamour-au-temps-du-cholera-de-mike-newell-une-oeuvre-immortelle","status":"publish","type":"post","link":"https:\/\/linitiative.ca\/International\/lamour-au-temps-du-cholera-de-mike-newell-une-oeuvre-immortelle\/","title":{"rendered":"\u00abL\u2019amour au temps du chol\u00e9ra\u00bb de Mike Newell: une \u0153uvre immortelle"},"content":{"rendered":"<p class=\"c2\"><strong>Mohamed Nait Youssef<\/strong><\/p>\n<p class=\"has-text-color has-vivid-cyan-blue-color\"><strong>Le cin\u00e9ma doit beaucoup \u00e0 la litt\u00e9rature et vice-versa\u00a0! En effet, dans son film \u00e0 succ\u00e8s \u00abL\u2019amour au temps du chol\u00e9ra\u00bb, Mike Newell s\u2019attaque \u00e0 une sommit\u00e9 de la litt\u00e9rature sud-am\u00e9ricaine et universelle\u00a0: Gabriel Garcia Marquez.<\/strong><\/p>\n<p>A travers ce petit bijou \u00e0 voir et revoir absolument, le r\u00e9alisateur a donn\u00e9 \u00e0 une vision cin\u00e9matographique et une touche esth\u00e9tique \u00e0 l\u2019une des magnifiques \u0153uvres lues et relues en ces temps de crise sanitaire mondiale. Toutefois, l\u2019adaptation du roman du ma\u00eetre du \u00abr\u00e9alisme magique\u00bb est une v\u00e9ritable aventure \u00e0 risque. Or, Mike en a fait une excellente romance bien \u00e9crite et surtout mise en sc\u00e8ne. Pourtant, l\u2019histoire est romantique, tendre, sensuelle mais elle ne manque pas en contrepartie de profondeur humaine et philosophique.<\/p>\n<p>Les acteurs \u00e0 savoir, Javier Bardem, Giovanna Mezzogiorno, Catalina Sandino \u00e9taient au rendez-vous en apportant avec justesse l\u2019essence de cette \u0153uvre romanesque \u00e0 l\u2019\u00e9cran. Par ailleurs, un film,\u00a0c\u2019est le sc\u00e9nario d\u2019abord! Afin de retranscrire l\u2019\u00e2me du roman, c\u2019est le sc\u00e9nariste Ronald Harwood (oscar pour le sc\u00e9nario du film \u00able Pianiste\u00bb) qui a assur\u00e9 cette t\u00e2che, \u00f4 combien d\u00e9licate! En outre \u00abL\u2019amour au temps du chol\u00e9ra\u00bb, sorti en 2007, a \u00e9t\u00e9 tourn\u00e9 \u00e0 Cartagena, en Colombie.<\/p>\n<p>D\u2019ailleurs, c\u2019est dans cette ville que Gabriel Garcia Marquez avait puis\u00e9 le d\u00e9cor de son histoire. Au total, ce sont plus de 80 endroits o\u00f9 sont jou\u00e9es les sc\u00e8nes de cette \u0153uvre immortelle. Le choix de cette cit\u00e9 avec ses lieux embl\u00e9matiques int\u00e9rieurs et ext\u00e9rieurs repr\u00e9sentant parfaitement l\u2019esprit, l\u2019architecture et le d\u00e9cor de l\u2019\u00e9poque n\u2019est pas anodin.<\/p>\n<p>Quant aux acteurs, le r\u00e9alisateur a recouru \u00e0 96 acteurs dont 84 colombiens pour r\u00e9aliser ce film dont \u00a0les \u00e9v\u00e9nements se sont d\u00e9roul\u00e9s entre la fin du XIXe et le d\u00e9but du XXe Si\u00e8cle sur la c\u00f4te carib\u00e9enne de Colombie. C\u2019\u00e9tait une \u00e9poque difficile que traversait le pays notamment avec l\u2019\u00e9pid\u00e9mie et les guerres civiles qui d\u00e9chiraient la population incarn\u00e9e par le biais du 7<sup>e<\/sup> art.<\/p>\n<p>Florentino Ariza (Javier Bardem), jeune po\u00e8te et t\u00e9l\u00e9graphiste tombe follement \u00a0dans l\u2019amour de la jeune fille, Fermina Daza (Giovanna Mazzogiorno). L\u2019homme r\u00eaveur et romantique souhaite l\u2019\u00e9pouser en lui ext\u00e9riorisant ses \u00e9motions sous les amandiers d\u2019un parc de la ville. Ce couple adolescent vivait leur idylle en\u00a0 \u00e9changeant des po\u00e8mes et des correspondances. Un vrai amour aux temps durs et tourment\u00e9s!<\/p>\n<p>A vrai dire, seuls les commencements sont beaux\u00a0! Car, le p\u00e8re de Fermina a mis les mains et les pieds pour s\u00e9parer les deux jeunes amoureux. Il faillait alors attendre quelques ann\u00e9es que le jeune m\u00e9decin, Juvenal Urbino (Benjamin, Bratt), issu d\u2019une famille ais\u00e9e, viennent demander la main de la jeune femme \u00e9panouie, intelligente et \u00e9l\u00e9gante sous les regards avides de son vieux amant. Certaines histoires d\u2019amour ont un d\u00e9but, un milieu et une fin\u2026<\/p>\n<p>Ce m\u00e9decin, connu surtout dans la ville apr\u00e8s avoir endigu\u00e9 l\u2019\u00e9pid\u00e9mie du chol\u00e9ra, a quitt\u00e9 sa terre natale accompagn\u00e9 de son \u00e9pouse pour s\u2019installer \u00e0 Paris.<\/p>\n<p>Les ann\u00e9es se sont \u00e9coul\u00e9es, et Florentino qui est devenu un riche armateur n\u2019a jamais oubli\u00e9 son premier amour qui \u00e9tait de retour \u00e0 Cartagena apr\u00e8s une longue absence. Malgr\u00e9 ses nombreuses aventures aves d\u2019autres femmes ainsi que les longues ann\u00e9es de s\u00e9paration\u00a0; ce protagoniste a d\u00e9cid\u00e9 d\u2019attendre la mort du m\u00e9decin pour qu\u2019il puisse \u00e9pouser Fermina, son amour \u00e9ternel. L\u2019amour le rendait aveugle, mais fid\u00e8le \u00e0 son amante.<\/p>\n<p>Auteur: M&rsquo;hammed rahal<br \/>\n<a href=\"http:\/\/albayane.press.ma\/lamour-au-temps-du-cholera-de-mike-newell-une-oeuvre-immortelle.html\">Cliquez ici pour lire l&rsquo;article depuis sa source.<\/a><\/p>\n","protected":false},"excerpt":{"rendered":"<p>Mohamed Nait Youssef Le cin\u00e9ma doit beaucoup \u00e0 la litt\u00e9rature et vice-versa\u00a0! En effet, dans son film \u00e0 succ\u00e8s \u00abL\u2019amour au temps du chol\u00e9ra\u00bb, Mike Newell s\u2019attaque \u00e0 une sommit\u00e9 de la litt\u00e9rature sud-am\u00e9ricaine et universelle\u00a0: Gabriel Garcia Marquez. A travers ce petit bijou \u00e0 voir et revoir absolument, le r\u00e9alisateur a donn\u00e9 \u00e0 une [&hellip;]<\/p>\n","protected":false},"author":1760,"featured_media":0,"comment_status":"closed","ping_status":"closed","sticky":false,"template":"","format":"standard","meta":{"fifu_image_url":"","fifu_image_alt":"","footnotes":""},"categories":[73,54],"tags":[],"class_list":["post-85555","post","type-post","status-publish","format-standard","hentry","category-actualite","category-maroc"],"_links":{"self":[{"href":"https:\/\/linitiative.ca\/International\/wp-json\/wp\/v2\/posts\/85555","targetHints":{"allow":["GET"]}}],"collection":[{"href":"https:\/\/linitiative.ca\/International\/wp-json\/wp\/v2\/posts"}],"about":[{"href":"https:\/\/linitiative.ca\/International\/wp-json\/wp\/v2\/types\/post"}],"author":[{"embeddable":true,"href":"https:\/\/linitiative.ca\/International\/wp-json\/wp\/v2\/users\/1760"}],"replies":[{"embeddable":true,"href":"https:\/\/linitiative.ca\/International\/wp-json\/wp\/v2\/comments?post=85555"}],"version-history":[{"count":0,"href":"https:\/\/linitiative.ca\/International\/wp-json\/wp\/v2\/posts\/85555\/revisions"}],"wp:attachment":[{"href":"https:\/\/linitiative.ca\/International\/wp-json\/wp\/v2\/media?parent=85555"}],"wp:term":[{"taxonomy":"category","embeddable":true,"href":"https:\/\/linitiative.ca\/International\/wp-json\/wp\/v2\/categories?post=85555"},{"taxonomy":"post_tag","embeddable":true,"href":"https:\/\/linitiative.ca\/International\/wp-json\/wp\/v2\/tags?post=85555"}],"curies":[{"name":"wp","href":"https:\/\/api.w.org\/{rel}","templated":true}]}}