{"id":85556,"date":"2020-05-15T11:15:07","date_gmt":"2020-05-15T15:15:07","guid":{"rendered":"https:\/\/linitiative.ca\/International\/rouvrir-ou-pas-les-mosquees-et-eglises-du-senegal-a-lheure-du-choix\/"},"modified":"2020-05-15T11:15:07","modified_gmt":"2020-05-15T15:15:07","slug":"rouvrir-ou-pas-les-mosquees-et-eglises-du-senegal-a-lheure-du-choix","status":"publish","type":"post","link":"https:\/\/linitiative.ca\/International\/rouvrir-ou-pas-les-mosquees-et-eglises-du-senegal-a-lheure-du-choix\/","title":{"rendered":"Rouvrir ou pas, les mosqu\u00e9es et \u00e9glises du S\u00e9n\u00e9gal \u00e0 l\u2019heure du choix"},"content":{"rendered":"<p class=\"has-text-color c2\"><strong>Le pouvoir politique leur a offert de rouvrir les mosqu\u00e9es et les \u00e9glises, mais de hauts responsables religieux au S\u00e9n\u00e9gal ont choisi de s\u2019abstenir en temps de pand\u00e9mie, malgr\u00e9 la demande populaire et le feu vert pr\u00e9sidentiel.<\/strong><\/p>\n<p>Deux des plus importantes mosqu\u00e9es de Dakar, la Grande mosqu\u00e9e et la Mosqu\u00e9e omarienne, devraient, sauf revirement, rester ferm\u00e9es vendredi, alors que le pr\u00e9sident Macky Sall leur a donn\u00e9 la possibilit\u00e9 de rouvrir et d\u2019accueillir leur premi\u00e8re grande pri\u00e8re hebdomadaire du mois sacr\u00e9 de Ramadan.<\/p>\n<p>Pas de messe non plus dimanche \u00e0 la cath\u00e9drale de Dakar et dans les \u00e9glises catholiques du pays.<\/p>\n<p>Un certain nombre de leaders musulmans ont rouvert ou s\u2019y pr\u00e9parent. Mais les \u00e9v\u00eaques mercredi, puis les responsables de la Grande mosqu\u00e9e et de la Mosqu\u00e9e omarienne jeudi ont respectueusement fait savoir qu\u2019en ce qui les concernait les conditions n\u2019\u00e9taient pas r\u00e9unies.<br \/>L\u2019imam de la Grande mosqu\u00e9e de Dakar, El Hadji Alioune Moussa Samba, souligne que le nombre de contaminations cro\u00eet de mani\u00e8re constante et que \u00ab\u00a0les raisons \u00e9voqu\u00e9es pour la fermeture des mosqu\u00e9es restent aujourd\u2019hui plus valables que jamais\u00a0\u00bb.<\/p>\n<p>\u00ab\u00a0Nous n\u2019avons pas les moyens de faire respecter les gestes barri\u00e8res\u00a0\u00bb, dit-il dans un communiqu\u00e9.<\/p>\n<p>Sa d\u00e9cision est significative en ce qu\u2019elle concerne l\u2019un des principaux lieux de culte de la capitale, en raison des foules qu\u2019il draine, mais aussi de ses liens r\u00e9put\u00e9s \u00e9troits avec le pouvoir. Le pr\u00e9sident de ce pays musulman \u00e0 plus de 90% s\u2019y rend \u00e0 l\u2019occasion des grandes f\u00eates religieuses.<\/p>\n<p>La pression sociale, y compris religieuse, a \u00e9t\u00e9 abondamment avanc\u00e9e, avec l\u2019imp\u00e9ratif de relancer l\u2019\u00e9conomie, comme une raison primordiale du pr\u00e9sident pour all\u00e9ger les restrictions impos\u00e9es aux activit\u00e9s.<\/p>\n<p>Depuis mars, les autorit\u00e9s ont ferm\u00e9 les fronti\u00e8res, les \u00e9coles et les lieux de culte, impos\u00e9 un couvre-feu nocturne et le port du masque, interdit les rassemblements et les d\u00e9placements interurbains, limit\u00e9 l\u2019ouverture des march\u00e9s. Autant de mesures \u00e9prouvant la r\u00e9sistance d\u2019une population dont environ 40% vit sous le seuil de pauvret\u00e9 selon la Banque mondiale.<br \/>L\u2019ultrasensible question de la fermeture des lieux de culte avait profond\u00e9ment divis\u00e9 l\u2019opinion en mars.<\/p>\n<p>Couvre-feu raccourci, ouverture des march\u00e9s \u00e9tendue\u2026 le pr\u00e9sident a desserr\u00e9 la vis lundi. Les lieux de culte seront rouverts. \u00ab\u00a0Nous devons apprendre \u00e0 vivre en pr\u00e9sence du virus\u00a0\u00bb, a-t-il dit.<\/p>\n<p>Cette \u00ab\u00a0adaptation\u00a0\u00bb proclam\u00e9e de la strat\u00e9gie a suscit\u00e9 des interrogations sur ce qui s\u2019\u00e9tait produit entre le 23 mars, quand il avait instaur\u00e9 l\u2019\u00e9tat d\u2019urgence alors que le pays d\u00e9nombrait 79 malades et aucun mort, et cette semaine.<\/p>\n<p>Le S\u00e9n\u00e9gal d\u00e9clare \u00e0 pr\u00e9sent pr\u00e8s de 2.200 cas et 23 d\u00e9c\u00e8s, et l\u2019augmentation est constante.<\/p>\n<p>L\u2019opposition, qui observait une tr\u00eave au nom de l\u2019unit\u00e9 nationale, redonne de la voix depuis lundi. L\u2019inqui\u00e9tude est vive quant aux limites du syst\u00e8me sanitaire de ce pays pauvre si l\u2019\u00e9pid\u00e9mie s\u2019\u00e9tendait.<\/p>\n<p>Les responsables religieux ont diversement r\u00e9agi au discours pr\u00e9sidentiel. Le chef de la puissante confr\u00e9rie musulmane des mourides, Serigne Mountakha Mback\u00e9, a ouvert la voie \u00e0 un retour \u00e0 la pri\u00e8re collective, sous conditions: port du masque, lavage des mains et distanciation.<\/p>\n<p>Les autorit\u00e9s ont pr\u00e9venu qu\u2019il n\u2019\u00e9tait pas question de prendre d\u2019assaut les lieux de culte et de s\u2019affranchir des gestes barri\u00e8res.<\/p>\n<p>Mais diff\u00e9rents responsables religieux ont dit ne pas \u00eatre en mesure en l\u2019\u00e9tat actuel de mettre en place les dispositifs n\u00e9cessaires.<\/p>\n<p>Les \u00e9v\u00eaques respectent \u00ab\u00a0la position des politiques, mais on ne voudrait pas qu\u2019on soit contamin\u00e9 ou vecteur de contamination parce qu\u2019on est all\u00e9 \u00e0 l\u2019\u00e9glise\u00a0\u00bb, a dit \u00e0 l\u2019AFP un responsable de l\u2019Eglise catholique, l\u2019abb\u00e9 Augustin Thiaw.<\/p>\n<p>Les catholiques repr\u00e9sentent environ 5% de la population. Rouvrir est une \u00ab\u00a0option\u00a0\u00bb offerte par l\u2019Etat, et non une obligation, souligne la pr\u00e9sidence.<\/p>\n<p>La d\u00e9cision appartient \u00e0 \u00ab\u00a0chaque imam\u00a0\u00bb en relation avec l\u2019administration, a dit \u00e0 l\u2019AFP le porte-parole de M. Sall, Abdou Latif Coulibaly<br \/>\u00ab\u00a0Certaines mosqu\u00e9es ont d\u00e9cid\u00e9 de reprendre, une majorit\u00e9 significative a d\u00e9cid\u00e9 que non. Pourquoi ne pas consid\u00e9rer cela comme un exercice de responsabilit\u00e9 des imams et de leur communaut\u00e9?\u00a0\u00bb, a-t-il demand\u00e9.<\/p>\n<p>Auteur: M&rsquo;hammed rahal<br \/>\n<a href=\"http:\/\/albayane.press.ma\/rouvrir-ou-pas-les-mosquees-et-eglises-du-senegal-a-lheure-du-choix.html\">Cliquez ici pour lire l&rsquo;article depuis sa source.<\/a><\/p>\n","protected":false},"excerpt":{"rendered":"<p>Le pouvoir politique leur a offert de rouvrir les mosqu\u00e9es et les \u00e9glises, mais de hauts responsables religieux au S\u00e9n\u00e9gal ont choisi de s\u2019abstenir en temps de pand\u00e9mie, malgr\u00e9 la demande populaire et le feu vert pr\u00e9sidentiel. Deux des plus importantes mosqu\u00e9es de Dakar, la Grande mosqu\u00e9e et la Mosqu\u00e9e omarienne, devraient, sauf revirement, rester [&hellip;]<\/p>\n","protected":false},"author":1760,"featured_media":0,"comment_status":"closed","ping_status":"closed","sticky":false,"template":"","format":"standard","meta":{"fifu_image_url":"","fifu_image_alt":"","footnotes":""},"categories":[73,54],"tags":[],"class_list":["post-85556","post","type-post","status-publish","format-standard","hentry","category-actualite","category-maroc"],"_links":{"self":[{"href":"https:\/\/linitiative.ca\/International\/wp-json\/wp\/v2\/posts\/85556","targetHints":{"allow":["GET"]}}],"collection":[{"href":"https:\/\/linitiative.ca\/International\/wp-json\/wp\/v2\/posts"}],"about":[{"href":"https:\/\/linitiative.ca\/International\/wp-json\/wp\/v2\/types\/post"}],"author":[{"embeddable":true,"href":"https:\/\/linitiative.ca\/International\/wp-json\/wp\/v2\/users\/1760"}],"replies":[{"embeddable":true,"href":"https:\/\/linitiative.ca\/International\/wp-json\/wp\/v2\/comments?post=85556"}],"version-history":[{"count":0,"href":"https:\/\/linitiative.ca\/International\/wp-json\/wp\/v2\/posts\/85556\/revisions"}],"wp:attachment":[{"href":"https:\/\/linitiative.ca\/International\/wp-json\/wp\/v2\/media?parent=85556"}],"wp:term":[{"taxonomy":"category","embeddable":true,"href":"https:\/\/linitiative.ca\/International\/wp-json\/wp\/v2\/categories?post=85556"},{"taxonomy":"post_tag","embeddable":true,"href":"https:\/\/linitiative.ca\/International\/wp-json\/wp\/v2\/tags?post=85556"}],"curies":[{"name":"wp","href":"https:\/\/api.w.org\/{rel}","templated":true}]}}