{"id":85557,"date":"2020-05-15T11:31:34","date_gmt":"2020-05-15T15:31:34","guid":{"rendered":"https:\/\/linitiative.ca\/International\/taiwan-au-coeur-du-bras-de-fer-entre-pekin-et-paris\/"},"modified":"2020-05-15T11:31:34","modified_gmt":"2020-05-15T15:31:34","slug":"taiwan-au-coeur-du-bras-de-fer-entre-pekin-et-paris","status":"publish","type":"post","link":"https:\/\/linitiative.ca\/International\/taiwan-au-coeur-du-bras-de-fer-entre-pekin-et-paris\/","title":{"rendered":"Ta\u00efwan au c\u0153ur du bras-de-fer entre P\u00e9kin et Paris\u2026"},"content":{"rendered":"<p class=\"has-text-color c2\"><strong>\u00abNous sommes oppos\u00e9s \u00e0 toute vente d\u2019arme ou \u00e9change militaire ou s\u00e9curitaire avec la r\u00e9gion de Ta\u00efwan (\u2026) Nous exhortons la France (\u2026) \u00e0 annuler son projet de vente d\u2019armes \u00e0 Ta\u00efwan afin d\u2019\u00e9viter de nuire aux relations sino-fran\u00e7aises\u00bb.<\/strong><\/p>\n<p>Tels sont les termes du communiqu\u00e9 transmis, ce mardi, par le minist\u00e8re chinois des Affaires \u00e9trang\u00e8res \u00e0 l\u2019Agence France-Presse \u00e0 travers lequel P\u00e9kin met en garde Paris contre un contrat d\u2019armement pass\u00e9 avec Ta\u00efwan apr\u00e8s que la marine ta\u00efwanaise ait indiqu\u00e9, dans un communiqu\u00e9 en date du 7 avril dernier, qu\u2019elle comptait moderniser les fr\u00e9gates acquises aupr\u00e8s de la France.<\/p>\n<p>Pour rappel, en 1991, Paris avait vendu \u00e0 Ta\u00efwan des fr\u00e9gates Lafayette pour la somme de 2 milliards d\u2019euros. Or, cette vente avait provoqu\u00e9 un gel des relations diplomatiques sino-fran\u00e7aises car, pour P\u00e9kin, ce territoire insulaire est une province chinoise avec laquelle aucun pays ne peut entretenir des relations officielles.<\/p>\n<p>Ta\u00efwan qui, en 1949, apr\u00e8s l\u2019accession des communistes au pouvoir en Chine continentale, \u00e9tait devenue le refuge des nationalistes du Kuomintang, est un sujet ultra-sensible pour la R\u00e9publique populaire de Chine si bien que tout \u00e9change entrepris par un pays \u00e9tranger avec ce territoire qui compte 23 millions d\u2019habitants et qui est soumis, depuis lors, \u00e0 un r\u00e9gime diff\u00e9rent de celui du continent, est formellement condamn\u00e9 par P\u00e9kin qui l\u2019assimile \u00e0 un soutien au s\u00e9paratisme ta\u00efwanais.<\/p>\n<p>Une source proche du dossier a confirm\u00e9 \u00e0 l\u2019AFP qu\u2019un contrat de plus de 800 millions de dollars ta\u00efwanais (24,6 millions d\u2019euros) a \u00e9t\u00e9 pass\u00e9 avec Paris par le minist\u00e8re ta\u00efwanais de la D\u00e9fense pour la modernisation des lanceurs qui \u00e9quipent lesdites fr\u00e9gates. Refusant, toutefois, de se laisser intimider par les menaces de la Chine, le minist\u00e8re fran\u00e7ais des Affaires \u00e9trang\u00e8res, a balay\u00e9 d\u2019un revers de manche, ce mercredi, les critiques faites par cette derni\u00e8re et l\u2019a invit\u00e9e \u00e0 concentrer ses efforts sur les moyens d\u2019endiguer la pand\u00e9mie du nouveau coronavirus et non pas sur une ancienne querelle qui n\u2019a plus aucune raison d\u2019\u00eatre.<\/p>\n<p>A l\u2019heure o\u00f9 Ta\u00efwan a lanc\u00e9 un vaste programme de modernisation de ses arm\u00e9es, le contrat pass\u00e9 avec Paris ne peut pas \u00eatre consid\u00e9r\u00e9 par P\u00e9kin comme \u00e9tant autre chose qu\u2019une s\u00e9rieuse provocation et un f\u00e2cheux pr\u00e9c\u00e9dent dont l\u2019Allemagne, l\u2019Italie et m\u00eame les Pays-Bas pourraient tirer profit.<\/p>\n<p>Mais l\u2019outrage fait \u00e0 P\u00e9kin, qui ne cesse de nourrir le patriotisme \u00e0 l\u2019effet de prot\u00e9ger son \u00ab\u00a0int\u00e9grit\u00e9 territoriale\u00a0\u00bb, risque d\u2019\u00eatre mal per\u00e7u par son opinion publique qui pourra y voir l\u2019incapacit\u00e9 de l\u2019Empire du milieu \u00e0 \u00abr\u00e9cup\u00e9rer\u00bb Ta\u00efwan et appeler, en cons\u00e9quence, au boycott des produits fran\u00e7ais (luxe, agro-alimentaire, grande distribution). Et si, par ailleurs, pour lui dissimuler cette information, P\u00e9kin ne l\u2019a point diffus\u00e9e dans les m\u00e9dias officiels du pays, il y a fort \u00e0 parier que les ta\u00efwanais vont faire en sorte que la nouvelle soit connue de tous sur le continent et plus vite qu\u2019on le pense.<\/p>\n<p>Enfin, avec une \u00e9conomie fragilis\u00e9e et se trouvant accus\u00e9e de tous les maux pour n\u2019avoir pas pu juguler la pand\u00e9mie du coronavirus, la Chine va devoir mettre de l\u2019eau dans son vin pour ne point se mettre \u00e0 dos une France qui est, avant tout, son alli\u00e9 principal au sein de l\u2019Union europ\u00e9enne. Or, en adoptant cette position elle prend le risque de froisser son opinion publique et sera appel\u00e9e, en cons\u00e9quence, \u00e0 jouer le r\u00f4le du parfait \u00e9quilibriste. Y parviendra-t-elle ? Attendons pour voir\u2026<\/p>\n<p class=\"c3\"><strong>Nabil El Bousaadi<\/strong><\/p>\n<p>Auteur: M&rsquo;hammed rahal<br \/>\n<a href=\"http:\/\/albayane.press.ma\/taiwan-au-coeur-du-bras-de-fer-entre-pekin-et-paris.html\">Cliquez ici pour lire l&rsquo;article depuis sa source.<\/a><\/p>\n","protected":false},"excerpt":{"rendered":"<p>\u00abNous sommes oppos\u00e9s \u00e0 toute vente d\u2019arme ou \u00e9change militaire ou s\u00e9curitaire avec la r\u00e9gion de Ta\u00efwan (\u2026) Nous exhortons la France (\u2026) \u00e0 annuler son projet de vente d\u2019armes \u00e0 Ta\u00efwan afin d\u2019\u00e9viter de nuire aux relations sino-fran\u00e7aises\u00bb. Tels sont les termes du communiqu\u00e9 transmis, ce mardi, par le minist\u00e8re chinois des Affaires \u00e9trang\u00e8res [&hellip;]<\/p>\n","protected":false},"author":1760,"featured_media":0,"comment_status":"closed","ping_status":"closed","sticky":false,"template":"","format":"standard","meta":{"fifu_image_url":"","fifu_image_alt":"","footnotes":""},"categories":[73,54],"tags":[],"class_list":["post-85557","post","type-post","status-publish","format-standard","hentry","category-actualite","category-maroc"],"_links":{"self":[{"href":"https:\/\/linitiative.ca\/International\/wp-json\/wp\/v2\/posts\/85557","targetHints":{"allow":["GET"]}}],"collection":[{"href":"https:\/\/linitiative.ca\/International\/wp-json\/wp\/v2\/posts"}],"about":[{"href":"https:\/\/linitiative.ca\/International\/wp-json\/wp\/v2\/types\/post"}],"author":[{"embeddable":true,"href":"https:\/\/linitiative.ca\/International\/wp-json\/wp\/v2\/users\/1760"}],"replies":[{"embeddable":true,"href":"https:\/\/linitiative.ca\/International\/wp-json\/wp\/v2\/comments?post=85557"}],"version-history":[{"count":0,"href":"https:\/\/linitiative.ca\/International\/wp-json\/wp\/v2\/posts\/85557\/revisions"}],"wp:attachment":[{"href":"https:\/\/linitiative.ca\/International\/wp-json\/wp\/v2\/media?parent=85557"}],"wp:term":[{"taxonomy":"category","embeddable":true,"href":"https:\/\/linitiative.ca\/International\/wp-json\/wp\/v2\/categories?post=85557"},{"taxonomy":"post_tag","embeddable":true,"href":"https:\/\/linitiative.ca\/International\/wp-json\/wp\/v2\/tags?post=85557"}],"curies":[{"name":"wp","href":"https:\/\/api.w.org\/{rel}","templated":true}]}}