{"id":85569,"date":"2020-05-15T10:23:16","date_gmt":"2020-05-15T14:23:16","guid":{"rendered":"https:\/\/linitiative.ca\/International\/la-societe-civile-rend-hommage-aux-agents-de-la-proprete-et-dhygiene\/"},"modified":"2020-05-15T10:23:16","modified_gmt":"2020-05-15T14:23:16","slug":"la-societe-civile-rend-hommage-aux-agents-de-la-proprete-et-dhygiene","status":"publish","type":"post","link":"https:\/\/linitiative.ca\/International\/la-societe-civile-rend-hommage-aux-agents-de-la-proprete-et-dhygiene\/","title":{"rendered":"La soci\u00e9t\u00e9 civile rend hommage aux agents de la propret\u00e9 et d\u2019hygi\u00e8ne"},"content":{"rendered":"<div class=\"single-featured\"><img alt=\"\" data-src=\"http:\/\/www.mapmarrakech.ma\/map\/uploads\/2020\/05\/safi-hommage-copier.jpg\"\/><\/div>\n<div class=\"single-post-excerpt post-excerpt-bc\" readability=\"39\">\n<p>Safi \u2013 L\u2019association \u00ab\u00a0Mains Blanches pour le d\u00e9veloppement durable\u00a0\u00bb a rendu hommage, jeudi, aux agents de propret\u00e9 et d\u2019hygi\u00e8ne de Safi pour leur mobilisation permanente et leurs sacrifices consentis, de jour comme de nuit, afin de veiller \u00e0 la propret\u00e9 de la ville en ces temps de coronavirus.<\/p>\n<\/div>\n<div class=\"entry-content clearfix single-post-content\" readability=\"72\">\n<p>Ce geste de gratitude et de reconnaissance, \u00e0 forte symbolique, s\u2019inscrit dans le cadre d\u2019une initiative baptis\u00e9e \u00ab\u00a0Les symboles de la conscience nationale\u00a0\u00bb visant \u00e0 rendre hommage \u00e0 plusieurs cat\u00e9gories professionnelles, dont les m\u00e9decins, les infirmiers, ainsi que les services s\u00e9curitaires et les agents d\u2019autorit\u00e9 en tant que h\u00e9ros du devoir national qui se trouvent en premi\u00e8re ligne du combat contre le coronavirus.<\/p>\n<p>Cette initiative vise \u00e0 mettre en avant l\u2019engagement total de ces employ\u00e9s qui font preuve de d\u00e9vouement et d\u2019abn\u00e9gation et demeurent mobilis\u00e9s pour transcender toutes les difficult\u00e9s afin de faire face aux risques li\u00e9s \u00e0 cette pand\u00e9mie, et relever l\u2019ensemble des d\u00e9fis impos\u00e9s par cette conjoncture d\u00e9licate.<\/p>\n<p>A cette occasion, les membres de l\u2019association ont proc\u00e9d\u00e9 \u00e0 la distribution de fleurs et de messages \u00e9crits aux agents de propret\u00e9 et d\u2019hygi\u00e8ne en signe de reconnaissance des efforts d\u00e9ploy\u00e9s par cette cat\u00e9gorie professionnelle, qui assure la continuit\u00e9 de ce service en temps de confinement.<\/p>\n<p>Dans une d\u00e9claration \u00e0 la MAP, le pr\u00e9sident de l\u2019association \u00ab\u00a0Mains Blanches pour le d\u00e9veloppement durable\u00a0\u00bb, Abdeslam Kouirir, a soulign\u00e9 que cette initiative se veut une reconnaissance de l\u2019engagement de ces h\u00e9ros dans le combat contre le coronavirus, relevant que cette cat\u00e9gorie professionnelle qui s\u2019expose \u00e0 plusieurs risques dans leur travail quotidien, m\u00e9rite amplement notre admiration et gratitude.<\/p>\n<p>M.Kouirir a appel\u00e9 les citoyens \u00e0 faciliter le travail des agents de propret\u00e9 en adoptant un comportement sain en termes de respect et de contribution \u00e0 la propret\u00e9 de leur ville. \u00ab\u00a0Bien que ces agents soient \u00e9quip\u00e9s de gants et de masques de protection, certaines personnes, par manque de civisme, peuvent les exposer \u00e0 plusieurs risques lors de l\u2019op\u00e9ration de collecte des d\u00e9chets\u00a0\u00bb, a-t-il conclu.<\/p>\n<\/div>\n<p>Auteur: Meriem IGASS<br \/>\n<a href=\"http:\/\/www.mapmarrakech.ma\/fr\/la-societe-civile-rend-hommage-aux-agents-de-la-proprete-et-dhygiene\/\">Cliquez ici pour lire l&rsquo;article depuis sa source.<\/a><\/p>\n","protected":false},"excerpt":{"rendered":"<p>Safi \u2013 L\u2019association \u00ab\u00a0Mains Blanches pour le d\u00e9veloppement durable\u00a0\u00bb a rendu hommage, jeudi, aux agents de propret\u00e9 et d\u2019hygi\u00e8ne de Safi pour leur mobilisation permanente et leurs sacrifices consentis, de jour comme de nuit, afin de veiller \u00e0 la propret\u00e9 de la ville en ces temps de coronavirus. Ce geste de gratitude et de reconnaissance, [&hellip;]<\/p>\n","protected":false},"author":1788,"featured_media":85570,"comment_status":"closed","ping_status":"closed","sticky":false,"template":"","format":"standard","meta":{"fifu_image_url":"","fifu_image_alt":"","footnotes":""},"categories":[54,76],"tags":[],"class_list":["post-85569","post","type-post","status-publish","format-standard","has-post-thumbnail","hentry","category-maroc","category-regions"],"_links":{"self":[{"href":"https:\/\/linitiative.ca\/International\/wp-json\/wp\/v2\/posts\/85569","targetHints":{"allow":["GET"]}}],"collection":[{"href":"https:\/\/linitiative.ca\/International\/wp-json\/wp\/v2\/posts"}],"about":[{"href":"https:\/\/linitiative.ca\/International\/wp-json\/wp\/v2\/types\/post"}],"author":[{"embeddable":true,"href":"https:\/\/linitiative.ca\/International\/wp-json\/wp\/v2\/users\/1788"}],"replies":[{"embeddable":true,"href":"https:\/\/linitiative.ca\/International\/wp-json\/wp\/v2\/comments?post=85569"}],"version-history":[{"count":0,"href":"https:\/\/linitiative.ca\/International\/wp-json\/wp\/v2\/posts\/85569\/revisions"}],"wp:featuredmedia":[{"embeddable":true,"href":"https:\/\/linitiative.ca\/International\/wp-json\/"}],"wp:attachment":[{"href":"https:\/\/linitiative.ca\/International\/wp-json\/wp\/v2\/media?parent=85569"}],"wp:term":[{"taxonomy":"category","embeddable":true,"href":"https:\/\/linitiative.ca\/International\/wp-json\/wp\/v2\/categories?post=85569"},{"taxonomy":"post_tag","embeddable":true,"href":"https:\/\/linitiative.ca\/International\/wp-json\/wp\/v2\/tags?post=85569"}],"curies":[{"name":"wp","href":"https:\/\/api.w.org\/{rel}","templated":true}]}}