{"id":85574,"date":"2020-05-15T14:00:27","date_gmt":"2020-05-15T18:00:27","guid":{"rendered":"https:\/\/linitiative.ca\/International\/covid-19-quatre-remissions-a-lhopital-provincial\/"},"modified":"2020-05-15T14:00:27","modified_gmt":"2020-05-15T18:00:27","slug":"covid-19-quatre-remissions-a-lhopital-provincial","status":"publish","type":"post","link":"https:\/\/linitiative.ca\/International\/covid-19-quatre-remissions-a-lhopital-provincial\/","title":{"rendered":"Covid-19: Quatre r\u00e9missions \u00e0 l\u2019H\u00f4pital provincial"},"content":{"rendered":"<div readability=\"35\">\n<p>Bengu\u00e9rir (Province de Rehamna) \u2013 Quatre patients compl\u00e8tement gu\u00e9ris du nouveau coronavirus (Covid-19) ont quitt\u00e9, jeudi, l\u2019H\u00f4pital provincial de Rehamna.<\/p>\n<\/div>\n<div readability=\"103\">\n<p>Il s\u2019agit de 04 femmes, \u00e2g\u00e9es entre 12 et 40 ans, d\u00e9finitivement gu\u00e9ries apr\u00e8s que les tests m\u00e9dicaux et cliniques effectu\u00e9s se sont r\u00e9v\u00e9l\u00e9s n\u00e9gatifs,\u00a0portant ainsi \u00e0 09 le nombre des cas de r\u00e9missions au niveau de la province.<\/p>\n<p>Dans une d\u00e9claration \u00e0 la MAP, le d\u00e9l\u00e9gu\u00e9 provincial de la sant\u00e9 \u00e0 Rehamna, Kamal El Yanssali, a soulign\u00e9 que la dur\u00e9e d\u2019hospitalisation\u00a0des quatre patientes, admises au service d\u00e9di\u00e9 aux cas Covid-19 de l\u2019h\u00f4pital provincial, variait entre 15 et 26 jours.<\/p>\n<p>L\u2019\u00e9tat de sant\u00e9 des cas gu\u00e9ris \u00e9tait \u00ab\u00a0stable\u00a0\u00bb durant toute la p\u00e9riode d\u2019hospitalisation, a-t-il indiqu\u00e9, notant que les quatre patientes \u00e9taient soumises au protocole th\u00e9rapeutique \u00e0 base de Chloroquine, instaur\u00e9 par le minist\u00e8re de la sant\u00e9.<\/p>\n<p>Il a relev\u00e9 que les cas gu\u00e9ris passeront quelques jours suppl\u00e9mentaires en isolement sanitaire conform\u00e9ment au protocole de traitement adopt\u00e9, sous la surveillance du comit\u00e9 de veille sanitaire et ce, en coordination avec les autorit\u00e9s locales, ajoutant qu\u2019un seul cas se trouve toujours sous traitement \u00e0 l\u2019h\u00f4pital provincial.<\/p>\n<p>D\u2019autre part, M. El Yanssali a affirm\u00e9 que d\u00e8s\u00a0la d\u00e9tection du\u00a0premier cas confirm\u00e9 de contamination au coronavirus, la D\u00e9l\u00e9gation a vite identifi\u00e9 et fait le suivi des cas contacts\u00a0pour s\u2019assurer qu\u2019ils ne sont pas infect\u00e9s par le Covid-19, tout en dotant l\u2019h\u00f4pital des \u00e9quipements n\u00e9cessaires\u00a0pour faire face \u00e0 cette pand\u00e9mie.<\/p>\n<p>De m\u00eame, un service au sein de l\u2019H\u00f4pital provincial a \u00e9t\u00e9 r\u00e9serv\u00e9 aux malades atteints du coronavirus, comprenant six salles d\u2019isolement, dont deux \u00e9quip\u00e9es du mat\u00e9riel m\u00e9dical de r\u00e9animation, a-t-il dit.<\/p>\n<p>Dans ce sens, il a fait savoir que la d\u00e9l\u00e9gation\u00a0a consacr\u00e9 deux unit\u00e9s pour l\u2019isolement sanitaire, dont une dans un \u00e9tablissement h\u00f4telier, avec une capacit\u00e9 de 28 chambres et une autre avec 99 chambres.<\/p>\n<p>A cette occasion, le responsable\u00a0provincial a mis en avant l\u2019appui consid\u00e9rable et l\u2019engagement effectif du Groupe OCP pour augmenter la capacit\u00e9 d\u2019accueil des patients Covid-19 et ce, conform\u00e9ment aux efforts proactifs consentis\u00a0par la D\u00e9l\u00e9gation.<\/p>\n<p>Il a \u00e9galement tenu \u00e0 saluer les efforts \u00ab\u00a0constants\u00a0\u00bb d\u00e9ploy\u00e9s par les staffs m\u00e9dical, infirmier et administratif de l\u2019h\u00f4pital, ainsi que la contribution \u00ab\u00a0pr\u00e9cieuse\u00a0\u00bb de la pr\u00e9fecture de la province qui veille au suivi quotidien des cas.<\/p>\n<p>Par ailleurs, M. El Yanssali a appel\u00e9 la population de la province au respect strict des mesures de confinement sanitaire, notamment la distanciation sociale et le port des masques de protection, en tant que mesures pr\u00e9ventives pour endiguer la propagation de la pand\u00e9mie.<\/p>\n<\/div>\n<p>Auteur: Meriem IGASS<br \/>\n<a href=\"http:\/\/www.mapmarrakech.ma\/fr\/covid-19-quatre-remissions-a-lhopital-provincial\/\">Cliquez ici pour lire l&rsquo;article depuis sa source.<\/a><\/p>\n","protected":false},"excerpt":{"rendered":"<p>Bengu\u00e9rir (Province de Rehamna) \u2013 Quatre patients compl\u00e8tement gu\u00e9ris du nouveau coronavirus (Covid-19) ont quitt\u00e9, jeudi, l\u2019H\u00f4pital provincial de Rehamna. Il s\u2019agit de 04 femmes, \u00e2g\u00e9es entre 12 et 40 ans, d\u00e9finitivement gu\u00e9ries apr\u00e8s que les tests m\u00e9dicaux et cliniques effectu\u00e9s se sont r\u00e9v\u00e9l\u00e9s n\u00e9gatifs,\u00a0portant ainsi \u00e0 09 le nombre des cas de r\u00e9missions au [&hellip;]<\/p>\n","protected":false},"author":1788,"featured_media":0,"comment_status":"closed","ping_status":"closed","sticky":false,"template":"","format":"standard","meta":{"fifu_image_url":"","fifu_image_alt":"","footnotes":""},"categories":[54,76],"tags":[],"class_list":["post-85574","post","type-post","status-publish","format-standard","hentry","category-maroc","category-regions"],"_links":{"self":[{"href":"https:\/\/linitiative.ca\/International\/wp-json\/wp\/v2\/posts\/85574","targetHints":{"allow":["GET"]}}],"collection":[{"href":"https:\/\/linitiative.ca\/International\/wp-json\/wp\/v2\/posts"}],"about":[{"href":"https:\/\/linitiative.ca\/International\/wp-json\/wp\/v2\/types\/post"}],"author":[{"embeddable":true,"href":"https:\/\/linitiative.ca\/International\/wp-json\/wp\/v2\/users\/1788"}],"replies":[{"embeddable":true,"href":"https:\/\/linitiative.ca\/International\/wp-json\/wp\/v2\/comments?post=85574"}],"version-history":[{"count":0,"href":"https:\/\/linitiative.ca\/International\/wp-json\/wp\/v2\/posts\/85574\/revisions"}],"wp:attachment":[{"href":"https:\/\/linitiative.ca\/International\/wp-json\/wp\/v2\/media?parent=85574"}],"wp:term":[{"taxonomy":"category","embeddable":true,"href":"https:\/\/linitiative.ca\/International\/wp-json\/wp\/v2\/categories?post=85574"},{"taxonomy":"post_tag","embeddable":true,"href":"https:\/\/linitiative.ca\/International\/wp-json\/wp\/v2\/tags?post=85574"}],"curies":[{"name":"wp","href":"https:\/\/api.w.org\/{rel}","templated":true}]}}