{"id":85581,"date":"2020-05-15T10:00:00","date_gmt":"2020-05-15T14:00:00","guid":{"rendered":"https:\/\/linitiative.ca\/International\/les-joueurs-seront-exposes-a-des-lesions-irreversibles-previent-un-medecin-du-sport\/"},"modified":"2020-05-15T10:00:00","modified_gmt":"2020-05-15T14:00:00","slug":"les-joueurs-seront-exposes-a-des-lesions-irreversibles-previent-un-medecin-du-sport","status":"publish","type":"post","link":"https:\/\/linitiative.ca\/International\/les-joueurs-seront-exposes-a-des-lesions-irreversibles-previent-un-medecin-du-sport\/","title":{"rendered":"\u00ab Les joueurs  seront expos\u00e9s \u00e0 des l\u00e9sions irr\u00e9versibles\u00a0\u00bb, pr\u00e9vient un m\u00e9decin du sport"},"content":{"rendered":"<p class=\"MsoNormal c3\"><span class=\"c2\">Malgr\u00e9 le protocole sanitaire draconien pr\u00e9vu demain pour la reprise de la Bundesliga, les joueurs pourraient s&rsquo;exposer \u00e0 des l\u00e9sions pulmonaires \u00ab\u00a0irr\u00e9versibles\u00a0\u00bb en cas d&rsquo;infection au coronavirus, avec un risque de d\u00e9clin des performances, explique \u00e0 l&rsquo;AFP un m\u00e9decin du sport r\u00e9put\u00e9 en Allemagne.<\/span><\/p>\n<p class=\"MsoNormal c6\"><span class=\"c5\"><span class=\"c4\">\u00a0<\/span> Le professeur Wilhelm Bloch, de l&rsquo;Ecole Sup\u00e9rieur du Sport de Cologne, s&rsquo;inqui\u00e8te des conditions de ce retour au terrain malgr\u00e9 les consignes sanitaires, jugeant le protocole de la Ligue allemande (DFL) \u00ab\u00a0pas s\u00fbr \u00e0 100%\u00a0\u00bb.<\/span><\/p>\n<p class=\"MsoNormal c6\"><strong><span class=\"c5\">&#8211; Le protocole sanitaire de la Bundesliga prot\u00e8ge-t-il compl\u00e8tement les joueurs?<\/span><\/strong><\/p>\n<p class=\"MsoNormal c6\"><strong><span class=\"c5\">&#8211;<\/span><\/strong><span class=\"c7\">\u00a0\u00ab\u00a0Il n&rsquo;est pas s\u00fbr \u00e0 100%. Le protocole minimise les risques, mais il n&rsquo;existe pas de protection \u00e0 100%, et le danger existe toujours de voir un joueur ou un membre de l&rsquo;encadrement infect\u00e9 par le virus. Le risque est difficile \u00e0 \u00e9valuer. Cela d\u00e9pend naturellement de l&rsquo;environnement et de la situation g\u00e9n\u00e9rale dans le pays. Les joueurs ne sont pas en quarantaine totale, ils c\u00f4toient leurs familles, m\u00eame s&rsquo;ils ont re\u00e7u des consignes pour limiter les contacts. Et il y a aussi les risques pendant les matches. Ils seront tous test\u00e9s, mais les tests de coronavirus ne fonctionnent pas tous parfaitement, il y a une marge d&rsquo;erreur relativement importante.\u00a0\u00bb<\/span><\/p>\n<p class=\"MsoNormal c6\"><strong><span class=\"c5\">&#8211; Y a-t-il un risque pour la carri\u00e8re des joueurs en cas d&rsquo;infection?\u00a0<\/span><\/strong><br \/><span class=\"c7\"><strong>&#8211;<\/strong>\u00a0\u00ab\u00a0Oui. G\u00e9n\u00e9ralement, la constitution physique, le syst\u00e8me immunitaire et le syst\u00e8me cardio-vasculaire des sportifs de haut niveau fait que le risque pour eux est faible. Mais nous ne savons pas pour le moment si une infection mineure ou des sympt\u00f4mes m\u00eames l\u00e9gers ne provoquent pas des d\u00e9g\u00e2ts, comme par exemple de petites cicatrisations des poumons apr\u00e8s une inflamation, ou la formation de tissu conjonctif, c&rsquo;est \u00e0 dire une fibrose. Ces dommages peuvent \u00eatre irr\u00e9versibles, ou peuvent perdurer tr\u00e8s longtemps avant que le corps ne les r\u00e9pare. Il y a l\u00e0 un risque pour les sportifs de haut niveau de perdre leur niveau de performance, et de ne jamais le retrouver. Nous avons d\u00e9j\u00e0 eu des joueurs infect\u00e9s en Europe et nous saurons bient\u00f4t s&rsquo;ils r\u00e9cup\u00e8rent l&rsquo;int\u00e9gralit\u00e9 de leurs capacit\u00e9s.\u00a0\u00bb<\/span><\/p>\n<p class=\"MsoNormal c6\"><strong><span class=\"c5\">&#8211; La reprise apr\u00e8s deux mois aura lieu sans matches amicaux, avec peu d&rsquo;entra\u00eenement. Quel est le danger?<\/span><\/strong><br \/><span class=\"c7\"><strong>&#8211;<\/strong>\u00a0\u00ab\u00a0Evidemment, les joueurs ne sont pas pr\u00e9par\u00e9s de fa\u00e7on optimale. En fonction du degr\u00e9 de pr\u00e9paration, les risques de blessure augmentent. On peut penser que les joueurs vont \u00eatre plus sujets aux blessures, et qu&rsquo;on verra des blessures musculaires, mais aussi des blessures de l&rsquo;appareil locomoteur, des tendons. On ne peut pas comparer avec un d\u00e9but de saison. En d\u00e9but de saison ils ont normalement une p\u00e9riode d&rsquo;entra\u00eenement tr\u00e8s intensif, ensuite une courte pause pour que le corps puisse se r\u00e9g\u00e9n\u00e9rer, et ensuite ils attaquent la saison. L\u00e0, \u00e7a n&rsquo;a pas \u00e9t\u00e9 possible pour toutes les \u00e9quipes.\u00a0\u00bb<\/span><\/p>\n<p class=\"MsoNormal c6\"><strong><span class=\"c5\">&#8211; Comment se donner \u00e0 100% en match sans appr\u00e9hension lorsqu&rsquo;on vit depuis des semaines dans un monde o\u00f9 il faut \u00e9viter tout contact?<\/span><\/strong><\/p>\n<p class=\"MsoNormal c6\"><strong><span class=\"c5\">&#8211;<\/span><\/strong><span class=\"c7\">\u00a0\u00ab\u00a0C&rsquo;est La question. Je ne suis pas psychologue, c&rsquo;est diffile \u00e0 \u00e9valuer. Mais je crois que \u00e7a va \u00eatre une transition difficile et que \u00e7a ne sera pas forc\u00e9ment bon pour leur performance. Il faudra aussi consid\u00e9rer ces facteurs et les compter parmi les facteurs de risques de blessure.\u00a0\u00bb<\/span><\/p>\n<p>Auteur: letemps1<br \/>\n<a href=\"http:\/\/www.letemps.com.tn\/article\/113890\/%C2%AB-les-joueurs-seront-expos%C3%A9s-%C3%A0-des-l%C3%A9sions-irr%C3%A9versibles-pr%C3%A9vient-un-m%C3%A9decin-du-sport\">Cliquez ici pour lire l&rsquo;article depuis sa source.<\/a><\/p>\n","protected":false},"excerpt":{"rendered":"<p>Malgr\u00e9 le protocole sanitaire draconien pr\u00e9vu demain pour la reprise de la Bundesliga, les joueurs pourraient s&rsquo;exposer \u00e0 des l\u00e9sions pulmonaires \u00ab\u00a0irr\u00e9versibles\u00a0\u00bb en cas d&rsquo;infection au coronavirus, avec un risque de d\u00e9clin des performances, explique \u00e0 l&rsquo;AFP un m\u00e9decin du sport r\u00e9put\u00e9 en Allemagne. \u00a0 Le professeur Wilhelm Bloch, de l&rsquo;Ecole Sup\u00e9rieur du Sport de [&hellip;]<\/p>\n","protected":false},"author":1773,"featured_media":0,"comment_status":"closed","ping_status":"closed","sticky":false,"template":"","format":"standard","meta":{"fifu_image_url":"","fifu_image_alt":"","footnotes":""},"categories":[73,55],"tags":[],"class_list":["post-85581","post","type-post","status-publish","format-standard","hentry","category-actualite","category-tunisie"],"_links":{"self":[{"href":"https:\/\/linitiative.ca\/International\/wp-json\/wp\/v2\/posts\/85581","targetHints":{"allow":["GET"]}}],"collection":[{"href":"https:\/\/linitiative.ca\/International\/wp-json\/wp\/v2\/posts"}],"about":[{"href":"https:\/\/linitiative.ca\/International\/wp-json\/wp\/v2\/types\/post"}],"author":[{"embeddable":true,"href":"https:\/\/linitiative.ca\/International\/wp-json\/wp\/v2\/users\/1773"}],"replies":[{"embeddable":true,"href":"https:\/\/linitiative.ca\/International\/wp-json\/wp\/v2\/comments?post=85581"}],"version-history":[{"count":0,"href":"https:\/\/linitiative.ca\/International\/wp-json\/wp\/v2\/posts\/85581\/revisions"}],"wp:attachment":[{"href":"https:\/\/linitiative.ca\/International\/wp-json\/wp\/v2\/media?parent=85581"}],"wp:term":[{"taxonomy":"category","embeddable":true,"href":"https:\/\/linitiative.ca\/International\/wp-json\/wp\/v2\/categories?post=85581"},{"taxonomy":"post_tag","embeddable":true,"href":"https:\/\/linitiative.ca\/International\/wp-json\/wp\/v2\/tags?post=85581"}],"curies":[{"name":"wp","href":"https:\/\/api.w.org\/{rel}","templated":true}]}}