{"id":85582,"date":"2020-05-15T10:00:00","date_gmt":"2020-05-15T14:00:00","guid":{"rendered":"https:\/\/linitiative.ca\/International\/salma-mouelhi-a-la-tete-de-la-commission-femme-et-sport-au-sein-du-confederation-africaine-de-tennis\/"},"modified":"2020-05-15T10:00:00","modified_gmt":"2020-05-15T14:00:00","slug":"salma-mouelhi-a-la-tete-de-la-commission-femme-et-sport-au-sein-du-confederation-africaine-de-tennis","status":"publish","type":"post","link":"https:\/\/linitiative.ca\/International\/salma-mouelhi-a-la-tete-de-la-commission-femme-et-sport-au-sein-du-confederation-africaine-de-tennis\/","title":{"rendered":"Salma  Mouelhi ,\u00e1 la t\u00eate de la Commission  \u00abFemme et  Sport\u00ab au sein du Conf\u00e9d\u00e9ration africaine de tennis"},"content":{"rendered":"<p class=\"MsoNormal c3\"><span class=\"c2\">La Conf\u00e9d\u00e9ration africaine de tennis( CAT ) a nomm\u00e9 la pr\u00e9sidente de la FTT\u00a0 Salma Mouelhi \u00e1 la t\u00eate de la commission \u00a0\u00bb Femme et Sport\u00a0\u00bb\u00a0.A cette occasion ,la pr\u00e9sidente de la FTT n\u2019a pas cach\u00e9 sa satisfaction\u00a0:<\/span><\/p>\n<p class=\"MsoNormal c3\"><span class=\"c2\">\u00a0<\/span><\/p>\n<p class=\"MsoNormal c3\"><em><span class=\"c2\"><span class=\"c4\">\u00a0<\/span> :\u00bbJe<span class=\"c4\">\u00a0<\/span> suis heureuse par<span class=\"c4\">\u00a0<\/span> cette nomination &#8230; L&rsquo;\u00e9galit\u00e9 des genres est un sujet qui nous concerne tous, femmes, hommes, s\u00e9niors et jeunes. Il s&rsquo;agit apr\u00e8s tout ,d&rsquo;un droit humain qui fait partie des objectifs de d\u00e9veloppement durable des Nations Unies. Le sport peut \u00eatre un moteur puissant pour faire avancer cette cause.<\/span><\/em><\/p>\n<p class=\"MsoNormal c3\"><em><span class=\"c2\">Profitant de l&rsquo;\u00e9lan pris par l\u2019 ITF avec ses recommandations en mati\u00e8re d&rsquo;\u00e9galit\u00e9 des genres, nous allons poursuivre notre mission au niveau de la CAT pour l&rsquo;\u00e9galit\u00e9 des genres au niveau de l\u2019activit\u00e9 tennistique et au niveau des postes de dirigeants, des entra\u00eeneurs, des officiels&#8230;dans les organismes sportifs, en militant aupr\u00e8s de tous les acteurs dans le domaine \u00e0 travers le monde&#8230;.\u00a0\u00bb<\/span><\/em><\/p>\n<p class=\"MsoNormal c3\"><span class=\"c2\"><span class=\"c4\">\u00a0<\/span> Notons que Salma Mouelhi\u00a0 pr\u00e9side la<span class=\"c4\">\u00a0<\/span> m\u00eame commission at sein de l&rsquo;Union Arabe de tennis\u00a0 (UAT) et aussi celle de la f\u00e9d\u00e9ration \u00a0internationale de tennis (ITF).<\/span><\/p>\n<p class=\"MsoNormal c7\"><span class=\"c5\"><span class=\"c4\">\u00a0\u00a0\u00a0\u00a0\u00a0\u00a0\u00a0\u00a0\u00a0\u00a0\u00a0\u00a0\u00a0\u00a0\u00a0\u00a0\u00a0\u00a0<\/span> <span class=\"c4\">\u00a0\u00a0\u00a0\u00a0\u00a0\u00a0\u00a0\u00a0\u00a0\u00a0\u00a0\u00a0\u00a0\u00a0\u00a0\u00a0\u00a0\u00a0\u00a0\u00a0\u00a0\u00a0\u00a0\u00a0\u00a0\u00a0\u00a0\u00a0\u00a0\u00a0\u00a0\u00a0\u00a0\u00a0\u00a0\u00a0\u00a0\u00a0\u00a0\u00a0\u00a0<\/span><span class=\"c4\">\u00a0\u00a0\u00a0\u00a0\u00a0\u00a0\u00a0\u00a0\u00a0\u00a0\u00a0\u00a0\u00a0\u00a0\u00a0\u00a0\u00a0\u00a0\u00a0\u00a0\u00a0\u00a0\u00a0\u00a0\u00a0\u00a0\u00a0\u00a0\u00a0\u00a0\u00a0\u00a0\u00a0\u00a0\u00a0\u00a0\u00a0\u00a0\u00a0<\/span><span class=\"c4\">\u00a0<\/span><\/span><strong><span class=\"c6\">Monia SOULA<\/span><\/strong><\/p>\n<p>Auteur: letemps1<br \/>\n<a href=\"http:\/\/www.letemps.com.tn\/article\/113891\/salma-mouelhi-%C3%A1-la-t%C3%AAte-de-la-commission-%C2%ABfemme-et-sport%C2%AB-au-sein-du-conf%C3%A9d%C3%A9ration\">Cliquez ici pour lire l&rsquo;article depuis sa source.<\/a><\/p>\n","protected":false},"excerpt":{"rendered":"<p>La Conf\u00e9d\u00e9ration africaine de tennis( CAT ) a nomm\u00e9 la pr\u00e9sidente de la FTT\u00a0 Salma Mouelhi \u00e1 la t\u00eate de la commission \u00a0\u00bb Femme et Sport\u00a0\u00bb\u00a0.A cette occasion ,la pr\u00e9sidente de la FTT n\u2019a pas cach\u00e9 sa satisfaction\u00a0: \u00a0 \u00a0 :\u00bbJe\u00a0 suis heureuse par\u00a0 cette nomination &#8230; L&rsquo;\u00e9galit\u00e9 des genres est un sujet qui nous [&hellip;]<\/p>\n","protected":false},"author":1773,"featured_media":0,"comment_status":"closed","ping_status":"closed","sticky":false,"template":"","format":"standard","meta":{"fifu_image_url":"","fifu_image_alt":"","footnotes":""},"categories":[73,55],"tags":[],"class_list":["post-85582","post","type-post","status-publish","format-standard","hentry","category-actualite","category-tunisie"],"_links":{"self":[{"href":"https:\/\/linitiative.ca\/International\/wp-json\/wp\/v2\/posts\/85582","targetHints":{"allow":["GET"]}}],"collection":[{"href":"https:\/\/linitiative.ca\/International\/wp-json\/wp\/v2\/posts"}],"about":[{"href":"https:\/\/linitiative.ca\/International\/wp-json\/wp\/v2\/types\/post"}],"author":[{"embeddable":true,"href":"https:\/\/linitiative.ca\/International\/wp-json\/wp\/v2\/users\/1773"}],"replies":[{"embeddable":true,"href":"https:\/\/linitiative.ca\/International\/wp-json\/wp\/v2\/comments?post=85582"}],"version-history":[{"count":0,"href":"https:\/\/linitiative.ca\/International\/wp-json\/wp\/v2\/posts\/85582\/revisions"}],"wp:attachment":[{"href":"https:\/\/linitiative.ca\/International\/wp-json\/wp\/v2\/media?parent=85582"}],"wp:term":[{"taxonomy":"category","embeddable":true,"href":"https:\/\/linitiative.ca\/International\/wp-json\/wp\/v2\/categories?post=85582"},{"taxonomy":"post_tag","embeddable":true,"href":"https:\/\/linitiative.ca\/International\/wp-json\/wp\/v2\/tags?post=85582"}],"curies":[{"name":"wp","href":"https:\/\/api.w.org\/{rel}","templated":true}]}}