{"id":85583,"date":"2020-05-15T10:00:00","date_gmt":"2020-05-15T14:00:00","guid":{"rendered":"https:\/\/linitiative.ca\/International\/linter-se-renseigne-sur-le-defenseur-algerien-atal\/"},"modified":"2020-05-15T10:00:00","modified_gmt":"2020-05-15T14:00:00","slug":"linter-se-renseigne-sur-le-defenseur-algerien-atal","status":"publish","type":"post","link":"https:\/\/linitiative.ca\/International\/linter-se-renseigne-sur-le-defenseur-algerien-atal\/","title":{"rendered":"L&rsquo;Inter se renseigne sur  le d\u00e9fenseur alg\u00e9rien, Atal"},"content":{"rendered":"<p class=\"MsoNormal c3\"><span class=\"c2\">Auteur de belles prestations avec l\u2019OGC Nice, l\u2019arri\u00e8re droit international alg\u00e9rien Youcef Atal continue d&rsquo;int\u00e9resser les grands clubs. Cette fois-ci, c&rsquo;est du c\u00f4t\u00e9 de l&rsquo;Italie que son nom ressort.<\/span><\/p>\n<p class=\"MsoNormal c3\"><span class=\"c2\">Selon Tuttomercatoweb, le lat\u00e9ral droit de 24 ans aurait discut\u00e9 avec plusieurs clubs italiens ces derni\u00e8res semaines. Parmi les clubs de Serie A figure de l&rsquo;Inter Milan, qui semble int\u00e9ress\u00e9 par le profil de l&rsquo;international alg\u00e9rien. En effet, Atal pourrait \u00e9voluer en piston droit dans le syst\u00e8me d&rsquo;Antonio Conte.<\/span><\/p>\n<p class=\"MsoNormal c3\"><span class=\"c2\">Les dirigeants\u00a0<em>Nerazzurri\u00a0<\/em>voudraient\u00a0renforcer leur c\u00f4t\u00e9 droit avec l&rsquo;ancien joueur du Paradou. Toutefois, il ne sera pas facile de convaincre l&rsquo;OGC Nice de se s\u00e9parer de Youcef Atal. Le club fran\u00e7ais ne serait pas vendeur, \u00e0 moins de recevoir une offre exceptionnelle. De plus, la concurrence est rude sur le dossier du champion d&rsquo;Afrique.<\/span><\/p>\n<p>Auteur: letemps1<br \/>\n<a href=\"http:\/\/www.letemps.com.tn\/article\/113892\/linter-se-renseigne-sur-le-d%C3%A9fenseur-alg%C3%A9rien-atal\">Cliquez ici pour lire l&rsquo;article depuis sa source.<\/a><\/p>\n","protected":false},"excerpt":{"rendered":"<p>Auteur de belles prestations avec l\u2019OGC Nice, l\u2019arri\u00e8re droit international alg\u00e9rien Youcef Atal continue d&rsquo;int\u00e9resser les grands clubs. Cette fois-ci, c&rsquo;est du c\u00f4t\u00e9 de l&rsquo;Italie que son nom ressort. Selon Tuttomercatoweb, le lat\u00e9ral droit de 24 ans aurait discut\u00e9 avec plusieurs clubs italiens ces derni\u00e8res semaines. Parmi les clubs de Serie A figure de l&rsquo;Inter [&hellip;]<\/p>\n","protected":false},"author":1773,"featured_media":0,"comment_status":"closed","ping_status":"closed","sticky":false,"template":"","format":"standard","meta":{"fifu_image_url":"","fifu_image_alt":"","footnotes":""},"categories":[73,55],"tags":[],"class_list":["post-85583","post","type-post","status-publish","format-standard","hentry","category-actualite","category-tunisie"],"_links":{"self":[{"href":"https:\/\/linitiative.ca\/International\/wp-json\/wp\/v2\/posts\/85583","targetHints":{"allow":["GET"]}}],"collection":[{"href":"https:\/\/linitiative.ca\/International\/wp-json\/wp\/v2\/posts"}],"about":[{"href":"https:\/\/linitiative.ca\/International\/wp-json\/wp\/v2\/types\/post"}],"author":[{"embeddable":true,"href":"https:\/\/linitiative.ca\/International\/wp-json\/wp\/v2\/users\/1773"}],"replies":[{"embeddable":true,"href":"https:\/\/linitiative.ca\/International\/wp-json\/wp\/v2\/comments?post=85583"}],"version-history":[{"count":0,"href":"https:\/\/linitiative.ca\/International\/wp-json\/wp\/v2\/posts\/85583\/revisions"}],"wp:attachment":[{"href":"https:\/\/linitiative.ca\/International\/wp-json\/wp\/v2\/media?parent=85583"}],"wp:term":[{"taxonomy":"category","embeddable":true,"href":"https:\/\/linitiative.ca\/International\/wp-json\/wp\/v2\/categories?post=85583"},{"taxonomy":"post_tag","embeddable":true,"href":"https:\/\/linitiative.ca\/International\/wp-json\/wp\/v2\/tags?post=85583"}],"curies":[{"name":"wp","href":"https:\/\/api.w.org\/{rel}","templated":true}]}}