{"id":85585,"date":"2020-05-15T10:00:00","date_gmt":"2020-05-15T14:00:00","guid":{"rendered":"https:\/\/linitiative.ca\/International\/ibrahimovic-la-sortie-de-trop\/"},"modified":"2020-05-15T10:00:00","modified_gmt":"2020-05-15T14:00:00","slug":"ibrahimovic-la-sortie-de-trop","status":"publish","type":"post","link":"https:\/\/linitiative.ca\/International\/ibrahimovic-la-sortie-de-trop\/","title":{"rendered":"Ibrahimovic, la sortie de trop !"},"content":{"rendered":"<p class=\"MsoNormal c6\"><span class=\"c2\">Zlatan Ibrahimovic va \u00e9coper d&rsquo;une belle amende pour avoir circul\u00e9 dans Stockholm au volant d&rsquo;une Ferrari n&rsquo;ayant pas encore toutes les autorisations requises. Zlatan Ibrahimovic devrait \u00e9coper d&rsquo;une belle amende en Su\u00e8de. Le motif ? Avant de<\/span><span class=\"c3\">\u00a0<\/span><span class=\"c5\"><span class=\"c4\">rentrer en Italie<\/span><\/span><span class=\"c2\">, l&rsquo;attaquant su\u00e9dois de l&rsquo;AC Milan (38 ans) a \u00e9t\u00e9 aper\u00e7u en train de se balader dans les rues de Stockholm au volant d&rsquo;une Ferrari Monza SP2, un bijou estim\u00e9 \u00e0 plus de 1,6 million d&rsquo;euros. Le probl\u00e8me ? Sa voiture devait passer plusieurs contr\u00f4les et r\u00e9cup\u00e9rer des plaques d&rsquo;immatriculation auparavant.<\/span><\/p>\n<p class=\"canvas-atom c10\"><span class=\"c9\">Treizi\u00e8me de Ligue 1, le FC Nantes n&rsquo;\u00e9tait qu&rsquo;\u00e0 quatre points de la sixi\u00e8me place europ\u00e9enne, mais les Canaris n&rsquo;auront pas eu l&rsquo;occasion de remonter au classement en raison de la pand\u00e9mie de Coronavirus.\u00a0Dans une interview accord\u00e9e au site officiel du FC Nantes, Christian Gourcuff a analys\u00e9 la d\u00e9cision de la LFP de mettre un terme \u00e0 la saison de Ligue 1 et soutient Jean-Michel Aulas en affichant son hostilit\u00e9 \u00e0 l&rsquo;interruption pr\u00e9coce du championnat de France.<\/span><\/p>\n<p class=\"canvas-atom c10\"><em><span class=\"c11\">\u00ab\u00a0Personnellement, c\u2019est une aberration totale de ne pas avoir \u00e9t\u00e9 au bout de l\u2019exercice en cours. Soit on pouvait reprendre, soit, comme j\u2019avais pu le dire assez vite, on pouvait achever la saison \u00e0 l\u2019automne pour repartir sur un championnat bas\u00e9 sur l\u2019ann\u00e9e civile. L\u2019opportunit\u00e9 nous \u00e9tait donn\u00e9e de le faire, mais \u00e7a posait s\u00fbrement des probl\u00e8mes et il fallait prendre beaucoup de recul. La vraie d\u00e9ception, c\u2019est bien cette fin de saison anticip\u00e9e. Je me mets \u00e0 la place des Ami\u00e9nois par exemple. Ils sont totalement l\u00e9s\u00e9s par une telle d\u00e9cision<\/span><\/em><span class=\"c12\">\u00ab\u00a0, a indiqu\u00e9 le technicien nantais.<\/span><\/p>\n<h2 class=\"c14\"><span class=\"c13\">\u00ab\u00a0On se sent un peu l\u00e9s\u00e9\u00a0\u00bb<\/span><\/h2>\n<p class=\"MsoNormal c17\"><span class=\"c16\"><img loading=\"lazy\" decoding=\"async\" alt=\"Christian Gourcuff - Nantes\" height=\"26\" src=\"file:\/\/localhost\/Users\/faical\/Library\/Caches\/TemporaryItems\/msoclip\/0\/clip_image001.gif\" width=\"26\"\/>Christian Gourcuff consid\u00e8re que Nantes a \u00e9galement \u00e9t\u00e9 les\u00e9 :<em><span class=\"c15\">\u00ab\u00a0Sportivement, prendre en compte un championnat qui n\u2019a pas pu aboutir, ce n\u2019est pas admissible.\u00a0J&rsquo;\u00e9voquais pr\u00e9c\u00e9demment les \u00e9quipes rel\u00e9gu\u00e9es mais c&rsquo;est aussi valable pour les \u00e9quipes du haut de tableau comme Lyon, Lille et d&rsquo;autres. Nous aussi, dans une autre mesure, on se sent un peu l\u00e9s\u00e9, notamment en ce qui concerne les droits t\u00e9l\u00e9visuels. On n&rsquo;a jamais \u00e9t\u00e9 13\u00e8me du championnat durant la saison. Pourtant, \u00e0 la suite de deux matches perdus devant Lille et \u00e0 Angers, on est descendu \u00e0 cette position. On pouvait supposer que si le virus \u00e9tait arriv\u00e9 15 jours ou 15 jours apr\u00e8s, la situation aurait sans doute \u00e9t\u00e9 diff\u00e9rente\u00a0\u00bb.<\/span><\/em><\/span><\/p>\n<p>Auteur: letemps1<br \/>\n<a href=\"http:\/\/www.letemps.com.tn\/article\/113894\/ibrahimovic-la-sortie-de-trop\">Cliquez ici pour lire l&rsquo;article depuis sa source.<\/a><\/p>\n","protected":false},"excerpt":{"rendered":"<p>Zlatan Ibrahimovic va \u00e9coper d&rsquo;une belle amende pour avoir circul\u00e9 dans Stockholm au volant d&rsquo;une Ferrari n&rsquo;ayant pas encore toutes les autorisations requises. Zlatan Ibrahimovic devrait \u00e9coper d&rsquo;une belle amende en Su\u00e8de. Le motif ? Avant de\u00a0rentrer en Italie, l&rsquo;attaquant su\u00e9dois de l&rsquo;AC Milan (38 ans) a \u00e9t\u00e9 aper\u00e7u en train de se balader dans [&hellip;]<\/p>\n","protected":false},"author":1773,"featured_media":85586,"comment_status":"closed","ping_status":"closed","sticky":false,"template":"","format":"standard","meta":{"fifu_image_url":"","fifu_image_alt":"","footnotes":""},"categories":[73,55],"tags":[],"class_list":["post-85585","post","type-post","status-publish","format-standard","has-post-thumbnail","hentry","category-actualite","category-tunisie"],"_links":{"self":[{"href":"https:\/\/linitiative.ca\/International\/wp-json\/wp\/v2\/posts\/85585","targetHints":{"allow":["GET"]}}],"collection":[{"href":"https:\/\/linitiative.ca\/International\/wp-json\/wp\/v2\/posts"}],"about":[{"href":"https:\/\/linitiative.ca\/International\/wp-json\/wp\/v2\/types\/post"}],"author":[{"embeddable":true,"href":"https:\/\/linitiative.ca\/International\/wp-json\/wp\/v2\/users\/1773"}],"replies":[{"embeddable":true,"href":"https:\/\/linitiative.ca\/International\/wp-json\/wp\/v2\/comments?post=85585"}],"version-history":[{"count":0,"href":"https:\/\/linitiative.ca\/International\/wp-json\/wp\/v2\/posts\/85585\/revisions"}],"wp:featuredmedia":[{"embeddable":true,"href":"https:\/\/linitiative.ca\/International\/wp-json\/"}],"wp:attachment":[{"href":"https:\/\/linitiative.ca\/International\/wp-json\/wp\/v2\/media?parent=85585"}],"wp:term":[{"taxonomy":"category","embeddable":true,"href":"https:\/\/linitiative.ca\/International\/wp-json\/wp\/v2\/categories?post=85585"},{"taxonomy":"post_tag","embeddable":true,"href":"https:\/\/linitiative.ca\/International\/wp-json\/wp\/v2\/tags?post=85585"}],"curies":[{"name":"wp","href":"https:\/\/api.w.org\/{rel}","templated":true}]}}