{"id":85589,"date":"2020-05-15T15:13:12","date_gmt":"2020-05-15T19:13:12","guid":{"rendered":"https:\/\/linitiative.ca\/International\/international-un-joueur-sautoproclame-meilleur-que-ronaldo-messi-et-neymar\/"},"modified":"2020-05-15T15:13:12","modified_gmt":"2020-05-15T19:13:12","slug":"international-un-joueur-sautoproclame-meilleur-que-ronaldo-messi-et-neymar","status":"publish","type":"post","link":"https:\/\/linitiative.ca\/International\/international-un-joueur-sautoproclame-meilleur-que-ronaldo-messi-et-neymar\/","title":{"rendered":"International : Un joueur s&rsquo;autoproclame meilleur que Ronaldo, Messi et Neymar"},"content":{"rendered":"<div readability=\"32\">\n<p>Auteur : <span class=\"time\">vendredi 15 mai 2020 18:15<\/span><\/p>\n<\/div>\n<div id=\"post_core\" readability=\"51\">\n<p>Le joueur, qui a remport\u00e9 21 s\u00e9lections pour son pays et a remport\u00e9 quatre titres de champion au Br\u00e9sil avec Palmeiras et Corinthians, estime que ses exploits lui permettent de se classer parmi les meilleurs joueurs de l&rsquo;Histoire :<\/p>\n<p>\u00ab\u00a0\u00c0 mon plus haut niveau, j&rsquo;ai mieux jou\u00e9 que Neymar\u00a0\u00bb, a d\u00e9clar\u00e9 Edilson \u00e0 TV Bandeirantes. \u00ab\u00a0\u00abIl doit gagner la Coupe du monde pour \u00eatre meilleur que moi.\u00a0\u00bb<\/p>\n<p>\u00ab\u00a0J&rsquo;ai de la personnalit\u00e9, et pour que Messi soit meilleur que moi, il doit aussi gagner la Coupe du monde.\u00a0\u00bb, a encore analys\u00e9 Edilson.<\/p>\n<p>\u00ab\u00a0Cristiano Ronaldo n&rsquo;est que force; il frappe bien le ballon des deux pieds, mais je suis plus habile que lui\u00a0\u00bb. Des propos relay\u00e9s par Goal.<\/p>\n<p><img decoding=\"async\" alt=\"\" src=\"https:\/\/www.thesun.co.uk\/wp-content\/uploads\/2020\/05\/NINTCHDBPICT000002430770.jpg\" class=\"c1\"\/><\/p>\n<p><strong>Publi\u00e9 dans :<\/strong> <span>Edilson<\/span><\/p>\n<\/div>\n<p>Auteur:<br \/>\n<a href=\"http:\/\/www.lebuteur.com\/article\/detail?titre=un-joueur-sautoproclame-meilleur-que-ronaldo-messi-et-neymar&#038;id=95929&#038;utm_source=feedburner&#038;utm_medium=feed&#038;utm_campaign=Feed%3A+GalerieFArtciles+%28Les+derniers+articles++-+lebuteur.com%29\">Cliquez ici pour lire l&rsquo;article depuis sa source.<\/a><\/p>\n","protected":false},"excerpt":{"rendered":"<p>Auteur : vendredi 15 mai 2020 18:15 Le joueur, qui a remport\u00e9 21 s\u00e9lections pour son pays et a remport\u00e9 quatre titres de champion au Br\u00e9sil avec Palmeiras et Corinthians, estime que ses exploits lui permettent de se classer parmi les meilleurs joueurs de l&rsquo;Histoire : \u00ab\u00a0\u00c0 mon plus haut niveau, j&rsquo;ai mieux jou\u00e9 que [&hellip;]<\/p>\n","protected":false},"author":1738,"featured_media":85590,"comment_status":"closed","ping_status":"closed","sticky":false,"template":"","format":"standard","meta":{"fifu_image_url":"","fifu_image_alt":"","footnotes":""},"categories":[53,75],"tags":[],"class_list":["post-85589","post","type-post","status-publish","format-standard","has-post-thumbnail","hentry","category-algerie","category-sport"],"_links":{"self":[{"href":"https:\/\/linitiative.ca\/International\/wp-json\/wp\/v2\/posts\/85589","targetHints":{"allow":["GET"]}}],"collection":[{"href":"https:\/\/linitiative.ca\/International\/wp-json\/wp\/v2\/posts"}],"about":[{"href":"https:\/\/linitiative.ca\/International\/wp-json\/wp\/v2\/types\/post"}],"author":[{"embeddable":true,"href":"https:\/\/linitiative.ca\/International\/wp-json\/wp\/v2\/users\/1738"}],"replies":[{"embeddable":true,"href":"https:\/\/linitiative.ca\/International\/wp-json\/wp\/v2\/comments?post=85589"}],"version-history":[{"count":0,"href":"https:\/\/linitiative.ca\/International\/wp-json\/wp\/v2\/posts\/85589\/revisions"}],"wp:featuredmedia":[{"embeddable":true,"href":"https:\/\/linitiative.ca\/International\/wp-json\/"}],"wp:attachment":[{"href":"https:\/\/linitiative.ca\/International\/wp-json\/wp\/v2\/media?parent=85589"}],"wp:term":[{"taxonomy":"category","embeddable":true,"href":"https:\/\/linitiative.ca\/International\/wp-json\/wp\/v2\/categories?post=85589"},{"taxonomy":"post_tag","embeddable":true,"href":"https:\/\/linitiative.ca\/International\/wp-json\/wp\/v2\/tags?post=85589"}],"curies":[{"name":"wp","href":"https:\/\/api.w.org\/{rel}","templated":true}]}}