{"id":85591,"date":"2020-05-15T15:13:16","date_gmt":"2020-05-15T19:13:16","guid":{"rendered":"https:\/\/linitiative.ca\/International\/international-psg-une-touche-en-italie-pour-neymar\/"},"modified":"2020-05-15T15:13:16","modified_gmt":"2020-05-15T19:13:16","slug":"international-psg-une-touche-en-italie-pour-neymar","status":"publish","type":"post","link":"https:\/\/linitiative.ca\/International\/international-psg-une-touche-en-italie-pour-neymar\/","title":{"rendered":"International : PSG : Une touche en Italie pour Neymar"},"content":{"rendered":"<div readability=\"32\">\n<p>Auteur : <span class=\"time\">vendredi 15 mai 2020 18:30<\/span><\/p>\n<\/div>\n<div id=\"post_core\" readability=\"49\">\n<p>Aujourd\u2019hui, les Blaugranas envisageraient toujours la venue de l\u2019international br\u00e9silien. N\u00e9anmoins, il commencerait \u00e0 y avoir de la concurrence sur ce dossier. En Angleterre,il se dit que Chelsea surveillerait ce dossier. Mais c\u2019est en Italie, qu\u2019il pourrait y avoir du mouvement. Selon Les-Transferts et Tuttosport, la star du PSG serait sur les tablettes de la Juventus.<\/p>\n<p>Les Bianconeri qui envisagent un mercato anim\u00e9 aimerait associer le Parisien \u00e0 Cristiano Ronaldo. Du c\u00f4t\u00e9 du Paris Saint-Germain, on pourrait l\u00e2cher l\u2019international auriverde en cas d\u2019offre int\u00e9ressante. Sous contrat jusqu\u2019en juin 2022, il serait aujourd\u2019hui estim\u00e9 \u00e0 180 millions d\u2019euros sur le march\u00e9 des transferts.<\/p>\n<p><strong>Publi\u00e9 dans :<\/strong> <span>neymar<\/span> <span>PSG<\/span><\/p>\n<\/div>\n<p>Auteur:<br \/>\n<a href=\"http:\/\/www.lebuteur.com\/article\/detail?titre=psg-une-touche-en-italie-pour-neymar&#038;id=95930&#038;utm_source=feedburner&#038;utm_medium=feed&#038;utm_campaign=Feed%3A+GalerieFArtciles+%28Les+derniers+articles++-+lebuteur.com%29\">Cliquez ici pour lire l&rsquo;article depuis sa source.<\/a><\/p>\n","protected":false},"excerpt":{"rendered":"<p>Auteur : vendredi 15 mai 2020 18:30 Aujourd\u2019hui, les Blaugranas envisageraient toujours la venue de l\u2019international br\u00e9silien. N\u00e9anmoins, il commencerait \u00e0 y avoir de la concurrence sur ce dossier. En Angleterre,il se dit que Chelsea surveillerait ce dossier. Mais c\u2019est en Italie, qu\u2019il pourrait y avoir du mouvement. Selon Les-Transferts et Tuttosport, la star du [&hellip;]<\/p>\n","protected":false},"author":1738,"featured_media":85592,"comment_status":"closed","ping_status":"closed","sticky":false,"template":"","format":"standard","meta":{"fifu_image_url":"","fifu_image_alt":"","footnotes":""},"categories":[53,75],"tags":[],"class_list":["post-85591","post","type-post","status-publish","format-standard","has-post-thumbnail","hentry","category-algerie","category-sport"],"_links":{"self":[{"href":"https:\/\/linitiative.ca\/International\/wp-json\/wp\/v2\/posts\/85591","targetHints":{"allow":["GET"]}}],"collection":[{"href":"https:\/\/linitiative.ca\/International\/wp-json\/wp\/v2\/posts"}],"about":[{"href":"https:\/\/linitiative.ca\/International\/wp-json\/wp\/v2\/types\/post"}],"author":[{"embeddable":true,"href":"https:\/\/linitiative.ca\/International\/wp-json\/wp\/v2\/users\/1738"}],"replies":[{"embeddable":true,"href":"https:\/\/linitiative.ca\/International\/wp-json\/wp\/v2\/comments?post=85591"}],"version-history":[{"count":0,"href":"https:\/\/linitiative.ca\/International\/wp-json\/wp\/v2\/posts\/85591\/revisions"}],"wp:featuredmedia":[{"embeddable":true,"href":"https:\/\/linitiative.ca\/International\/wp-json\/"}],"wp:attachment":[{"href":"https:\/\/linitiative.ca\/International\/wp-json\/wp\/v2\/media?parent=85591"}],"wp:term":[{"taxonomy":"category","embeddable":true,"href":"https:\/\/linitiative.ca\/International\/wp-json\/wp\/v2\/categories?post=85591"},{"taxonomy":"post_tag","embeddable":true,"href":"https:\/\/linitiative.ca\/International\/wp-json\/wp\/v2\/tags?post=85591"}],"curies":[{"name":"wp","href":"https:\/\/api.w.org\/{rel}","templated":true}]}}