{"id":85593,"date":"2020-05-15T15:13:17","date_gmt":"2020-05-15T19:13:17","guid":{"rendered":"https:\/\/linitiative.ca\/International\/international-chelsea-lagent-de-willian-est-pessimiste\/"},"modified":"2020-05-15T15:13:17","modified_gmt":"2020-05-15T19:13:17","slug":"international-chelsea-lagent-de-willian-est-pessimiste","status":"publish","type":"post","link":"https:\/\/linitiative.ca\/International\/international-chelsea-lagent-de-willian-est-pessimiste\/","title":{"rendered":"International : Chelsea : L\u2019agent de Willian est pessimiste"},"content":{"rendered":"<div readability=\"32\">\n<p>Auteur : <span class=\"time\">vendredi 15 mai 2020 18:40<\/span><\/p>\n<\/div>\n<div id=\"post_core\" readability=\"45\">\n<p>En effet, Kia Joorabchian, l\u2019agent du Br\u00e9silien, s\u2019est montr\u00e9 pessimiste \u00e0 ce sujet.<\/p>\n<p>\u00ab\u00a0Nous ne sommes pas surs que la saison puisse arriver \u00e0 son terme et nous ne savons pas quelles seront les possibles d\u00e9cisions prises par la FIFA et la Premier League concernant les joueurs en fin de contrat en juin. Il devrait y avoir de nombreuses discussions autour de possibles prolongations. Ce n\u2019est pas juste Willian, tous les joueurs en fin de contrat sont dans une position particuli\u00e8re. Est-ce que tu d\u00e9cides de signer un nouveau de contrat, de prolonger pour un mois, pour prolonger pour une p\u00e9riode plus longue ?\u00a0\u00bb. Des propos relay\u00e9s par Les-Transferts.<\/p>\n<p><strong>Publi\u00e9 dans :<\/strong> <span>Chelsea : Willian<\/span><\/p>\n<\/div>\n<p>Auteur:<br \/>\n<a href=\"http:\/\/www.lebuteur.com\/article\/detail?titre=chelsea-lagent-de-willian-est-pessimiste&#038;id=95931&#038;utm_source=feedburner&#038;utm_medium=feed&#038;utm_campaign=Feed%3A+GalerieFArtciles+%28Les+derniers+articles++-+lebuteur.com%29\">Cliquez ici pour lire l&rsquo;article depuis sa source.<\/a><\/p>\n","protected":false},"excerpt":{"rendered":"<p>Auteur : vendredi 15 mai 2020 18:40 En effet, Kia Joorabchian, l\u2019agent du Br\u00e9silien, s\u2019est montr\u00e9 pessimiste \u00e0 ce sujet. \u00ab\u00a0Nous ne sommes pas surs que la saison puisse arriver \u00e0 son terme et nous ne savons pas quelles seront les possibles d\u00e9cisions prises par la FIFA et la Premier League concernant les joueurs en [&hellip;]<\/p>\n","protected":false},"author":1738,"featured_media":85594,"comment_status":"closed","ping_status":"closed","sticky":false,"template":"","format":"standard","meta":{"fifu_image_url":"","fifu_image_alt":"","footnotes":""},"categories":[53,75],"tags":[],"class_list":["post-85593","post","type-post","status-publish","format-standard","has-post-thumbnail","hentry","category-algerie","category-sport"],"_links":{"self":[{"href":"https:\/\/linitiative.ca\/International\/wp-json\/wp\/v2\/posts\/85593","targetHints":{"allow":["GET"]}}],"collection":[{"href":"https:\/\/linitiative.ca\/International\/wp-json\/wp\/v2\/posts"}],"about":[{"href":"https:\/\/linitiative.ca\/International\/wp-json\/wp\/v2\/types\/post"}],"author":[{"embeddable":true,"href":"https:\/\/linitiative.ca\/International\/wp-json\/wp\/v2\/users\/1738"}],"replies":[{"embeddable":true,"href":"https:\/\/linitiative.ca\/International\/wp-json\/wp\/v2\/comments?post=85593"}],"version-history":[{"count":0,"href":"https:\/\/linitiative.ca\/International\/wp-json\/wp\/v2\/posts\/85593\/revisions"}],"wp:featuredmedia":[{"embeddable":true,"href":"https:\/\/linitiative.ca\/International\/wp-json\/"}],"wp:attachment":[{"href":"https:\/\/linitiative.ca\/International\/wp-json\/wp\/v2\/media?parent=85593"}],"wp:term":[{"taxonomy":"category","embeddable":true,"href":"https:\/\/linitiative.ca\/International\/wp-json\/wp\/v2\/categories?post=85593"},{"taxonomy":"post_tag","embeddable":true,"href":"https:\/\/linitiative.ca\/International\/wp-json\/wp\/v2\/tags?post=85593"}],"curies":[{"name":"wp","href":"https:\/\/api.w.org\/{rel}","templated":true}]}}