{"id":85595,"date":"2020-05-15T15:13:19","date_gmt":"2020-05-15T19:13:19","guid":{"rendered":"https:\/\/linitiative.ca\/International\/pros-monchengladbach-retour-aux-affaires-ce-samedi-pour-bensebaini\/"},"modified":"2020-05-15T15:13:19","modified_gmt":"2020-05-15T19:13:19","slug":"pros-monchengladbach-retour-aux-affaires-ce-samedi-pour-bensebaini","status":"publish","type":"post","link":"https:\/\/linitiative.ca\/International\/pros-monchengladbach-retour-aux-affaires-ce-samedi-pour-bensebaini\/","title":{"rendered":"Pros : M\u00f6nchengladbach : Retour aux affaires ce samedi pour Bensebaini"},"content":{"rendered":"<div readability=\"32\">\n<p>Auteur : <span class=\"time\">vendredi 15 mai 2020 18:47<\/span><\/p>\n<\/div>\n<div id=\"post_core\" readability=\"52\">\n<p>L&rsquo;occasion pour Ramy Bensebaini de revenir aux affaires avec le match qui opposera le Borussia M\u00f6nchengladbach \u00e0 l&rsquo;Eintracht Frankfurt ce samedi \u00e0 partir de 17h30. Le club o\u00f9 \u00e9volue le champion d&rsquo;Afrique occupe avant ce match la 4\u00e8me place du classement de Bundesliga \u00e0 seulement 6 points du leader le Bayern Munich. En cas de succ\u00e8s ce samedi, M\u00f6nchengladbach peut passer devant le Borussia Dortmund et retrouver la deuxi\u00e8me place du classement.<\/p>\n<p><strong>Programme de la reprise en Bundesliga ce samedi 16 mai :<\/strong><\/p>\n<p>Borussia Dortmund \u2013 Schalke 04 (14h30)\u00a0: en direct sur Eleven Sports 1<\/p>\n<p>RB Leipzig \u2013 SC Fribourg (15h30)\u00a0: en direct sur Eleven Sports 2<\/p>\n<p>TSG Hoffenheim \u2013 Hertha Berlin (14h30)\u00a0: en direct sur Eleven Sports 3<\/p>\n<p>Fortuna D\u00fcsseldorf \u2013 SC Paderborn (14h30)<\/p>\n<p>FC Augsbourg \u2013 VfL Wolfsburg (14h30)<\/p>\n<p>Eintracht Francfort \u2013 Borussia M\u00f6nchengladbach (17h30)\u00a0: en direct sur Eleven Sports 1<\/p>\n<p><strong>Publi\u00e9 dans :<\/strong> <span>Bensebaini<\/span><\/p>\n<\/div>\n<p>Auteur:<br \/>\n<a href=\"http:\/\/www.lebuteur.com\/article\/detail?titre=monchengladbach-retour-aux-affaires-ce-samedi-pour-bensebaini&#038;id=95932&#038;utm_source=feedburner&#038;utm_medium=feed&#038;utm_campaign=Feed%3A+GalerieFArtciles+%28Les+derniers+articles++-+lebuteur.com%29\">Cliquez ici pour lire l&rsquo;article depuis sa source.<\/a><\/p>\n","protected":false},"excerpt":{"rendered":"<p>Auteur : vendredi 15 mai 2020 18:47 L&rsquo;occasion pour Ramy Bensebaini de revenir aux affaires avec le match qui opposera le Borussia M\u00f6nchengladbach \u00e0 l&rsquo;Eintracht Frankfurt ce samedi \u00e0 partir de 17h30. Le club o\u00f9 \u00e9volue le champion d&rsquo;Afrique occupe avant ce match la 4\u00e8me place du classement de Bundesliga \u00e0 seulement 6 points du [&hellip;]<\/p>\n","protected":false},"author":1738,"featured_media":85596,"comment_status":"closed","ping_status":"closed","sticky":false,"template":"","format":"standard","meta":{"fifu_image_url":"","fifu_image_alt":"","footnotes":""},"categories":[53,75],"tags":[],"class_list":["post-85595","post","type-post","status-publish","format-standard","has-post-thumbnail","hentry","category-algerie","category-sport"],"_links":{"self":[{"href":"https:\/\/linitiative.ca\/International\/wp-json\/wp\/v2\/posts\/85595","targetHints":{"allow":["GET"]}}],"collection":[{"href":"https:\/\/linitiative.ca\/International\/wp-json\/wp\/v2\/posts"}],"about":[{"href":"https:\/\/linitiative.ca\/International\/wp-json\/wp\/v2\/types\/post"}],"author":[{"embeddable":true,"href":"https:\/\/linitiative.ca\/International\/wp-json\/wp\/v2\/users\/1738"}],"replies":[{"embeddable":true,"href":"https:\/\/linitiative.ca\/International\/wp-json\/wp\/v2\/comments?post=85595"}],"version-history":[{"count":0,"href":"https:\/\/linitiative.ca\/International\/wp-json\/wp\/v2\/posts\/85595\/revisions"}],"wp:featuredmedia":[{"embeddable":true,"href":"https:\/\/linitiative.ca\/International\/wp-json\/"}],"wp:attachment":[{"href":"https:\/\/linitiative.ca\/International\/wp-json\/wp\/v2\/media?parent=85595"}],"wp:term":[{"taxonomy":"category","embeddable":true,"href":"https:\/\/linitiative.ca\/International\/wp-json\/wp\/v2\/categories?post=85595"},{"taxonomy":"post_tag","embeddable":true,"href":"https:\/\/linitiative.ca\/International\/wp-json\/wp\/v2\/tags?post=85595"}],"curies":[{"name":"wp","href":"https:\/\/api.w.org\/{rel}","templated":true}]}}