{"id":85611,"date":"2020-05-15T04:00:00","date_gmt":"2020-05-15T08:00:00","guid":{"rendered":"https:\/\/linitiative.ca\/International\/revelation-le-petit-dejeuner-prive-de-beji-caid-essebsi-chez-joe-biden\/"},"modified":"2020-05-15T04:00:00","modified_gmt":"2020-05-15T08:00:00","slug":"revelation-le-petit-dejeuner-prive-de-beji-caid-essebsi-chez-joe-biden","status":"publish","type":"post","link":"https:\/\/linitiative.ca\/International\/revelation-le-petit-dejeuner-prive-de-beji-caid-essebsi-chez-joe-biden\/","title":{"rendered":"R\u00e9v\u00e9lation: Le petit-d\u00e9jeuner priv\u00e9 de B\u00e9ji Ca\u00efd Essebsi chez Joe Biden"},"content":{"rendered":"<p><span class=\"c2\"><em><strong>Par Taoufik Habaieb. Envoy\u00e9 sp\u00e9cial \u00e0 Washington-<\/strong><\/em><\/span> En ce jeudi 21 mai 2015, un soleil printanier inondait de ses rayons doux la capitale f\u00e9d\u00e9rale am\u00e9ricaine, fleurie. A l\u2019invitation du pr\u00e9sident Barack Obama, le pr\u00e9sident B\u00e9ji Ca\u00efd Essebsi \u00e9tait arriv\u00e9 la veille \u00e0 Washington DC. Ce sera la troisi\u00e8me rencontre de BCE avec le pr\u00e9sident am\u00e9ricain apr\u00e8s celle qui a eu lieu \u00e0 l\u2019occasion de la tenue les 26 et 27 mai 2011 du Sommet du G8 \u00e0 Deauville, en Normandie, puis celle qui a r\u00e9uni les deux hommes lors d\u2019une premi\u00e8re visite aux Etats-Unis en tant que Premier ministre, le 8 octobre de la m\u00eame ann\u00e9e.<\/p>\n<p>Leur quatri\u00e8me et derni\u00e8re rencontre aura lieu le 7 juin 2015, en Allemagne, o\u00f9 le Sommet du G7 se tenait au Ch\u00e2teau d\u2019Elmau, en Bavi\u00e8re. C\u2019\u00e9tait quelques jours seulement apr\u00e8s le d\u00e9c\u00e8s du fils de Joe Biden. BCE, qui l\u2019avait appris avec affliction et suivi la retransmission t\u00e9l\u00e9 du service religieux \u00e0 Delaware, s\u2019\u00e9tait empress\u00e9 de pr\u00e9senter ses condol\u00e9ances au pr\u00e9sident am\u00e9ricain qui y a \u00e9t\u00e9 tr\u00e8s sensible. \u00abAvec mon \u00e9pouse, j\u2019ai suivi la c\u00e9r\u00e9monie et j\u2019en \u00e9tais tr\u00e8s affect\u00e9, lui dira BCE. Le vice-pr\u00e9sident Biden m\u2019avait fait l\u2019amiti\u00e9 et le privil\u00e8ge de m\u2019inviter chez lui il y a trois semaines. Il ne m\u2019avait gu\u00e8re r\u00e9v\u00e9l\u00e9 que son dernier fils \u00e9tait dans un \u00e9tat tr\u00e8s grave, tout concentr\u00e9 qu\u2019il \u00e9tait sur nos entretiens.\u00bb<\/p>\n<p class=\"c3\"><img decoding=\"async\" src=\"\/uploads\/FCK_files\/Bedent-03.jpg\" alt=\"\" width=\"100%\" vspace=\"5\" hspace=\"5\" align=\"middle\"\/><\/p>\n<p>L\u2019objectif de la visite \u00e0 Washington \u00e9tait important. La Tunisie sollicitait le statut d\u2019alli\u00e9 majeur des Etats-Unis d\u2019Am\u00e9rique non membre de l\u2019Otan. C\u2019est un rare privil\u00e8ge (accord\u00e9 \u00e0 16 pays seulement) qui lui ouvre la voie \u00e0 de pr\u00e9cieux dons, appuis militaire, politique et \u00e9conomique. Jusque tard la veille, Ca\u00efd Essebsi suivait depuis Blair House la prestigieuse r\u00e9sidence r\u00e9serv\u00e9e aux grands chefs d\u2019Etat que le pr\u00e9sident Barack Obama a mise \u00e0 sa disposition, juste en face de la Maison-Blanche, l\u2019aboutissement des n\u00e9gociations. Les derniers signaux parvenus des proches d\u2019Obama n\u2019\u00e9taient gu\u00e8re rassurants. Gardant sa d\u00e9termination \u00e0 plaider habilement la cause de la Tunisie, BCE ne perdait pas espoir et se retirera dans sa suite, confiant en un lendemain victorieux.<\/p>\n<p class=\"c3\"><img decoding=\"async\" src=\"\/uploads\/FCK_files\/Bedent-1.jpg\" alt=\"\" width=\"100%\" vspace=\"5\" hspace=\"5\" align=\"middle\"\/><\/p>\n<p>Ras\u00e9 de pr\u00e8s, frais, pimpant dans un costume noir \u00e9l\u00e9gant, chemise blanche et cravate lie-de-vin, le bouton rouge du Grand Cordon de l\u2019Ordre de l\u2019Ind\u00e9pendance \u00e0 l\u2019\u0153illet de la veste, le pr\u00e9sident Ca\u00efd Essebsi, l\u00e8ve-t\u00f4t, \u00e9tait le premier \u00e0 descendre au grand salon. Rejoint par les membres de sa d\u00e9l\u00e9gation, il partira en cort\u00e8ge, escort\u00e9 par le Secret Service, chez son ami Joe Biden. Avec lui se trouvaient S\u00e9lim Chaker, alors ministre des Finances, Khemaies Jhinaoui, conseiller diplomatique, Mohsen Marzouk, conseiller politique, Mhammed Ezzine Chlaifa, secr\u00e9taire d\u2019Etat aux Affaires \u00e9trang\u00e8res et ancien ambassadeur \u00e0 Washington, Fay\u00e7al Gouiaa qui lui a succ\u00e9d\u00e9, et Kais Darragi, num\u00e9ro 2 de l\u2019ambassade (puis ambassadeur \u00e0 Tokyo) qui assurera la traduction.<\/p>\n<p>Les ambassadeurs des deux pays, Fay\u00e7al Gouiaa \u00e0 Washington et Jake Wallace, nous r\u00e9v\u00e8lent aujourd\u2019hui en exclusivit\u00e9 les coulisses de cette rencontre.<\/p>\n<p class=\"c4\"><strong>T.H.<\/strong><\/p>\n<p class=\"c5\"><strong>Lire aussi<\/strong><\/p>\n<p class=\"c5\"><a href=\"https:\/\/www.leaders.com.tn\/article\/29929-biden-tient-la-corde-pour-la-maison-blanche-l-emportera-t-il-contre-trump\" target=\"_blank\" rel=\"noopener noreferrer\"><strong>Biden tient la corde pour la Maison-Blanche: L\u2019emportera-t-il contre Trump ?<\/strong><\/a><br \/>\u00a0<\/p>\n<p>Auteur:<br \/>\n<a href=\"https:\/\/www.leaders.com.tn\/article\/29930-revelation-le-petit-dejeuner-prive-de-beji-caid-essebsi-chez-joe-biden\">Cliquez ici pour lire l&rsquo;article depuis sa source.<\/a><\/p>\n","protected":false},"excerpt":{"rendered":"<p>Par Taoufik Habaieb. Envoy\u00e9 sp\u00e9cial \u00e0 Washington- En ce jeudi 21 mai 2015, un soleil printanier inondait de ses rayons doux la capitale f\u00e9d\u00e9rale am\u00e9ricaine, fleurie. A l\u2019invitation du pr\u00e9sident Barack Obama, le pr\u00e9sident B\u00e9ji Ca\u00efd Essebsi \u00e9tait arriv\u00e9 la veille \u00e0 Washington DC. Ce sera la troisi\u00e8me rencontre de BCE avec le pr\u00e9sident am\u00e9ricain [&hellip;]<\/p>\n","protected":false},"author":1772,"featured_media":85612,"comment_status":"closed","ping_status":"closed","sticky":false,"template":"","format":"standard","meta":{"fifu_image_url":"","fifu_image_alt":"","footnotes":""},"categories":[73,55],"tags":[],"class_list":["post-85611","post","type-post","status-publish","format-standard","has-post-thumbnail","hentry","category-actualite","category-tunisie"],"_links":{"self":[{"href":"https:\/\/linitiative.ca\/International\/wp-json\/wp\/v2\/posts\/85611","targetHints":{"allow":["GET"]}}],"collection":[{"href":"https:\/\/linitiative.ca\/International\/wp-json\/wp\/v2\/posts"}],"about":[{"href":"https:\/\/linitiative.ca\/International\/wp-json\/wp\/v2\/types\/post"}],"author":[{"embeddable":true,"href":"https:\/\/linitiative.ca\/International\/wp-json\/wp\/v2\/users\/1772"}],"replies":[{"embeddable":true,"href":"https:\/\/linitiative.ca\/International\/wp-json\/wp\/v2\/comments?post=85611"}],"version-history":[{"count":0,"href":"https:\/\/linitiative.ca\/International\/wp-json\/wp\/v2\/posts\/85611\/revisions"}],"wp:featuredmedia":[{"embeddable":true,"href":"https:\/\/linitiative.ca\/International\/wp-json\/"}],"wp:attachment":[{"href":"https:\/\/linitiative.ca\/International\/wp-json\/wp\/v2\/media?parent=85611"}],"wp:term":[{"taxonomy":"category","embeddable":true,"href":"https:\/\/linitiative.ca\/International\/wp-json\/wp\/v2\/categories?post=85611"},{"taxonomy":"post_tag","embeddable":true,"href":"https:\/\/linitiative.ca\/International\/wp-json\/wp\/v2\/tags?post=85611"}],"curies":[{"name":"wp","href":"https:\/\/api.w.org\/{rel}","templated":true}]}}