{"id":85613,"date":"2020-05-15T07:40:00","date_gmt":"2020-05-15T11:40:00","guid":{"rendered":"https:\/\/linitiative.ca\/International\/tunisie-huawei-maintient-son-engagement-en-faveur-de-la-digitalisation\/"},"modified":"2020-05-15T07:40:00","modified_gmt":"2020-05-15T11:40:00","slug":"tunisie-huawei-maintient-son-engagement-en-faveur-de-la-digitalisation","status":"publish","type":"post","link":"https:\/\/linitiative.ca\/International\/tunisie-huawei-maintient-son-engagement-en-faveur-de-la-digitalisation\/","title":{"rendered":"Tunisie : Huawei maintient son engagement en faveur de la digitalisation"},"content":{"rendered":"<p>Durant toute cette p\u00e9riode difficile de lutte contre le coronavirus, le g\u00e9ant chinois Huawei, leader des technologies de l\u2019information, a mis\u00e9 sur l\u2019utilisation de la technologie pour aider le gouvernement tunisien et les tunisiens \u00e0 faire face \u00e0 cette crise sanitaire sans pr\u00e9c\u00e9dent.<\/p>\n<p>C\u2019est dans cette perspective, qu\u2019une r\u00e9union entre M. Mohamed Fadhel Kraiem ministre des Technologies de la Communication et de la Transformation Digitale, M. Spark Zhang, directeur g\u00e9n\u00e9ral de Huawei et M. Adnane Ben Halima, vice-pr\u00e9sident de Huawei en charge des relations publiques pour la r\u00e9gion M\u00e9diterran\u00e9e, a eu lieu mercredi 13 mai 2020, au sein du minist\u00e8re.<\/p>\n<p>M. Kraiem a assur\u00e9 que : \u00ab les aides de Huawei pour la Tunisie qu\u2019elles soient m\u00e9dicales ou technologiques ont \u00e9t\u00e9 d\u2019une grande efficacit\u00e9 pour la Tunisie dans sa lutte contre Covid-19. \u00bb.<\/p>\n<p>De sa part, M. Adnane Ben Halima, a rappel\u00e9 : \u00ab depuis le d\u00e9but de la crise, Huawei \u00e9tait sur la premi\u00e8re ligne dans la lutte contre le coronavirus avec le gouvernement tunisien. Notre entreprise a acc\u00e9l\u00e9r\u00e9 ses initiatives et a collabor\u00e9 \u00e9troitement avec les \u00e9tablissements et administrations gouvernementaux, que ce soit avec des contributions technologiques ou m\u00e9dicales.\u00bb<\/p>\n<p>M. Kraiem a dans ce cadre, remerci\u00e9 le g\u00e9ant chinois pour ses diff\u00e9rents efforts \u00e0 aider le gouvernement dans sa lutte contre le virus : \u00ab les tunisiens seront toujours reconnaissants des actions d\u00e9ploy\u00e9es pour nous aider durant cette p\u00e9riode difficile. Nous sommes aussi fiers et heureux des programmes d\u00e9di\u00e9s \u00e0 la formation des talents tunisiens \u00e0 l\u2019instar de Seeds for The Future et ICT Academy, qui ont permis \u00e0 des centaines d\u2019\u00e9tudiants d\u2019am\u00e9liorer leur connaissance dans le domaine des technologies de l\u2019information et du digital.\u00bb<\/p>\n<p>Dans ce contexte, le directeur g\u00e9n\u00e9ral de Huawei M. Spark Zhang assur\u00e9 que : \u00ab\u00a0 ce programme Seeds for The Future, a aid\u00e9 un nombre important de talents tunisiens \u00e0 d\u00e9velopper leurs connaissances et leurs savoirs-faires dans le domaine de la nouvelle technologie. Nous sommes aussi fiers du programme \u00ab ICT Academy \u00bb\u00a0 de Huawei, qui nous a permis de signer des conventions de partenariats avec 49 universit\u00e9s tunisiennes, ce qui a permis la certification de 2500 \u00e9tudiants dans le domaine des TIC depuis le d\u00e9but du programme. \u00bb<\/p>\n<p>D\u2019autre part, M. Adnane Ben Halima a affirm\u00e9 que : \u00ab Pendant toute la p\u00e9riode du confinement, Huawei a fait preuve de responsabilit\u00e9 num\u00e9rique. Nous avons travaill\u00e9 avec les op\u00e9rateurs t\u00e9l\u00e9phoniques et nos partenaires en Tunisie, et nous nous sommes concentr\u00e9s sur la stabilit\u00e9 du r\u00e9seau, surtout avec le t\u00e9l\u00e9travail et le surcro\u00eet inhabituel des connexions et des activit\u00e9s en ligne.\u00a0 Nous avons mis tout en \u0153uvre afin d\u2019\u00e9viter toute congestion des connexions et des \u00e9ventuels ralentissements tout en estimant que l\u2019exp\u00e9rience HBB (Home broadband) pouvait encore \u00eatre am\u00e9lior\u00e9e. \u00bb<\/p>\n<p>En fin de rencontre, les repr\u00e9sentants de Huawei ont soulign\u00e9 le r\u00f4le tr\u00e8s important que joueront les infrastructures TIC dans tous les secteurs d\u2019activit\u00e9. Cela pourrait m\u00eame \u00eatre une vrai opportunit\u00e9 pour la Tunisie de pouvoir moderniser et booster son \u00e9conomie afin d\u2019attirer plus d\u2019investissement.<\/p>\n<p>Auteur:<br \/>\n<a href=\"https:\/\/www.leaders.com.tn\/article\/29934-tunisie-huawei-maintient-son-engagement-en-faveur-de-la-digitalisation\">Cliquez ici pour lire l&rsquo;article depuis sa source.<\/a><\/p>\n","protected":false},"excerpt":{"rendered":"<p>Durant toute cette p\u00e9riode difficile de lutte contre le coronavirus, le g\u00e9ant chinois Huawei, leader des technologies de l\u2019information, a mis\u00e9 sur l\u2019utilisation de la technologie pour aider le gouvernement tunisien et les tunisiens \u00e0 faire face \u00e0 cette crise sanitaire sans pr\u00e9c\u00e9dent. C\u2019est dans cette perspective, qu\u2019une r\u00e9union entre M. Mohamed Fadhel Kraiem ministre [&hellip;]<\/p>\n","protected":false},"author":1772,"featured_media":0,"comment_status":"closed","ping_status":"closed","sticky":false,"template":"","format":"standard","meta":{"fifu_image_url":"","fifu_image_alt":"","footnotes":""},"categories":[73,55],"tags":[],"class_list":["post-85613","post","type-post","status-publish","format-standard","hentry","category-actualite","category-tunisie"],"_links":{"self":[{"href":"https:\/\/linitiative.ca\/International\/wp-json\/wp\/v2\/posts\/85613","targetHints":{"allow":["GET"]}}],"collection":[{"href":"https:\/\/linitiative.ca\/International\/wp-json\/wp\/v2\/posts"}],"about":[{"href":"https:\/\/linitiative.ca\/International\/wp-json\/wp\/v2\/types\/post"}],"author":[{"embeddable":true,"href":"https:\/\/linitiative.ca\/International\/wp-json\/wp\/v2\/users\/1772"}],"replies":[{"embeddable":true,"href":"https:\/\/linitiative.ca\/International\/wp-json\/wp\/v2\/comments?post=85613"}],"version-history":[{"count":0,"href":"https:\/\/linitiative.ca\/International\/wp-json\/wp\/v2\/posts\/85613\/revisions"}],"wp:attachment":[{"href":"https:\/\/linitiative.ca\/International\/wp-json\/wp\/v2\/media?parent=85613"}],"wp:term":[{"taxonomy":"category","embeddable":true,"href":"https:\/\/linitiative.ca\/International\/wp-json\/wp\/v2\/categories?post=85613"},{"taxonomy":"post_tag","embeddable":true,"href":"https:\/\/linitiative.ca\/International\/wp-json\/wp\/v2\/tags?post=85613"}],"curies":[{"name":"wp","href":"https:\/\/api.w.org\/{rel}","templated":true}]}}