{"id":85621,"date":"2020-05-15T15:15:32","date_gmt":"2020-05-15T19:15:32","guid":{"rendered":"https:\/\/linitiative.ca\/International\/coronavirus-et-pourtant-elle-baisse\/"},"modified":"2020-05-15T15:15:32","modified_gmt":"2020-05-15T19:15:32","slug":"coronavirus-et-pourtant-elle-baisse","status":"publish","type":"post","link":"https:\/\/linitiative.ca\/International\/coronavirus-et-pourtant-elle-baisse\/","title":{"rendered":"Coronavirus: Et pourtant\u2026 elle baisse"},"content":{"rendered":"<p><strong>D\u2019habitude, j\u2019ai le triomphe modeste. Il m\u2019est d\u00e9j\u00e0 arriv\u00e9 d\u2019avoir raison contre le discours convenu de la bienpensance, ou celui moutonnier du cercle politico-m\u00e9diatique. Mais l\u00e0, je vais me faire plaisir, parce que le sujet est grave et que mes contradicteurs ont manqu\u00e9 d\u2019\u00e9l\u00e9gance.<\/strong><\/p>\n<div class=\"c10\"\/>\n<p>Il y a 8 jours, j\u2019ai \u00e9crit \u00ab\u00a0<strong>Absurdistan<\/strong>\u00a0\u00bb. Le style \u00e9tait nerveux, mais le contenu \u00e9clair\u00e9. J\u2019y annon\u00e7ais, que malgr\u00e9 les clusters, la courbe annon\u00e7ait que nous avions atteint le PIC et que nous rentrons dans le plateau et que dans dix jours maximums les chiffres allaient baisser, nous permettant un d\u00e9confinement\u00a0 progressif. Que n\u2019ai-je pas fait\u00a0? J\u2019oublie ceux qui laissaient entendre que j\u2019\u00e9tais press\u00e9 de sortir alors que cela fait des ann\u00e9es que je ne sors de chez moi que tr\u00e8s exceptionnellement. Ceux-l\u00e0 ne m\u2019int\u00e9ressent pas. Mais certains ont voulu faire de mon discours un appel au crime et de moi le responsable de l\u2019irrespect grandissant des <strong>r\u00e8gles sanitaires<\/strong>. Cela fait mal quand on s\u2019\u00e9poumone chaque jour pour dire aux auditeurs que le maximum de discipline est le meilleur garant de retrouver des espaces de libert\u00e9s.<\/p>\n<p>Lire aussi: <a href=\"https:\/\/www.challenge.ma\/la-crise-petroliere-algerienne-une-opportunite-pour-le-maroc-140400\/\">La crise p\u00e9troli\u00e8re alg\u00e9rienne, une opportunit\u00e9 pour le Maroc ?<\/a><\/p>\n<p>Monsieur Lyoubi m\u2019a attaqu\u00e9 publiquement sur une question scientifique. Il a pr\u00e9tendu que ce n\u2019\u00e9tait pas une courbe de Goss puisqu\u2019elle variait comme un <strong>\u00e9lectrogramme<\/strong>. Visuellement, il avait raison, puisque l\u2019on \u00e9tait dans la s\u00e9quence des clusters. Pas scientifiquement parce que le plus important c\u2019est le trend, pas les variations quotidiennes et qu\u2019en principe, il faut nettoyer les chiffres de ceux des clusters dus \u00e0 l\u2019imb\u00e9cilit\u00e9 humaine pour pouvoir correctement suivre l\u2019<strong>\u00e9volution \u00e9pid\u00e9mique<\/strong>. Cela n\u2019enl\u00e8ve rien \u00e0 la valeur scientifique et op\u00e9rationnelle de M. Lyoubi et de son \u00e9quipe, mais ils ont eu tort et j\u2019ai eu raison et c\u2019est factuel et les faits sont t\u00eatus. J\u2019avais pronostiqu\u00e9 que nous entamerons la baisse dans dix jours \u00ab\u00a0maximum\u00a0\u00bb, nous y sommes d\u00e9j\u00e0. Les batailles de clochers ne servent \u00e0 rien, les d\u00e9bats peuvent servir.<\/p>\n<p>Il nous faut un d\u00e9confinement progressif et diff\u00e9renci\u00e9 qui sauve les meubles \u00e9conomiquement, socialement, psychologiquement, sans risque sanitaire inconsid\u00e9r\u00e9. Nous avons donc besoin de chiffres affin\u00e9s qui puissent guider l\u2019action publique. Nos scientifiques doivent fournir l\u2019aide \u00e0 la d\u00e9cision, pas le discours explicatif. La <strong>propagande<\/strong> n\u2019est pas leur r\u00f4le et n\u2019est pas \u00e0 la hauteur de leur immense utilit\u00e9 sociale et de leur savoir.<\/p>\n<div class=\"c17\">\n<fieldset class=\"c16\">\n<legend><strong><span class=\"c11\">Challenge<\/span><span class=\"c12\">news<\/span><\/strong><\/legend>\n<div class=\"c15\">Le meilleur de Challenge s\u00e9lectionn\u00e9 par la r\u00e9daction :<\/p>\n<\/div>\n<\/fieldset>\n<\/div>\n<p>Auteur: Jamal Berraoui<br \/>\n<a href=\"https:\/\/www.challenge.ma\/coronavirus-et-pourtant-elle-baisse-140447\/\">Cliquez ici pour lire l&rsquo;article depuis sa source.<\/a><\/p>\n","protected":false},"excerpt":{"rendered":"<p>D\u2019habitude, j\u2019ai le triomphe modeste. Il m\u2019est d\u00e9j\u00e0 arriv\u00e9 d\u2019avoir raison contre le discours convenu de la bienpensance, ou celui moutonnier du cercle politico-m\u00e9diatique. Mais l\u00e0, je vais me faire plaisir, parce que le sujet est grave et que mes contradicteurs ont manqu\u00e9 d\u2019\u00e9l\u00e9gance. Il y a 8 jours, j\u2019ai \u00e9crit \u00ab\u00a0Absurdistan\u00a0\u00bb. Le style \u00e9tait [&hellip;]<\/p>\n","protected":false},"author":1787,"featured_media":0,"comment_status":"closed","ping_status":"closed","sticky":false,"template":"","format":"standard","meta":{"fifu_image_url":"","fifu_image_alt":"","footnotes":""},"categories":[78,54],"tags":[],"class_list":["post-85621","post","type-post","status-publish","format-standard","hentry","category-economie","category-maroc"],"_links":{"self":[{"href":"https:\/\/linitiative.ca\/International\/wp-json\/wp\/v2\/posts\/85621","targetHints":{"allow":["GET"]}}],"collection":[{"href":"https:\/\/linitiative.ca\/International\/wp-json\/wp\/v2\/posts"}],"about":[{"href":"https:\/\/linitiative.ca\/International\/wp-json\/wp\/v2\/types\/post"}],"author":[{"embeddable":true,"href":"https:\/\/linitiative.ca\/International\/wp-json\/wp\/v2\/users\/1787"}],"replies":[{"embeddable":true,"href":"https:\/\/linitiative.ca\/International\/wp-json\/wp\/v2\/comments?post=85621"}],"version-history":[{"count":0,"href":"https:\/\/linitiative.ca\/International\/wp-json\/wp\/v2\/posts\/85621\/revisions"}],"wp:attachment":[{"href":"https:\/\/linitiative.ca\/International\/wp-json\/wp\/v2\/media?parent=85621"}],"wp:term":[{"taxonomy":"category","embeddable":true,"href":"https:\/\/linitiative.ca\/International\/wp-json\/wp\/v2\/categories?post=85621"},{"taxonomy":"post_tag","embeddable":true,"href":"https:\/\/linitiative.ca\/International\/wp-json\/wp\/v2\/tags?post=85621"}],"curies":[{"name":"wp","href":"https:\/\/api.w.org\/{rel}","templated":true}]}}