{"id":85633,"date":"2020-05-15T14:18:05","date_gmt":"2020-05-15T18:18:05","guid":{"rendered":"https:\/\/linitiative.ca\/International\/covid-19-une-equipe-marocaine-analyse-plus-de-3000-genomes-du-coronavirus\/"},"modified":"2020-05-15T14:18:05","modified_gmt":"2020-05-15T18:18:05","slug":"covid-19-une-equipe-marocaine-analyse-plus-de-3000-genomes-du-coronavirus","status":"publish","type":"post","link":"https:\/\/linitiative.ca\/International\/covid-19-une-equipe-marocaine-analyse-plus-de-3000-genomes-du-coronavirus\/","title":{"rendered":"Covid-19 : une \u00e9quipe marocaine analyse plus de 3000 g\u00e9nomes du coronavirus"},"content":{"rendered":"<div readability=\"32\">\n<p>Publi\u00e9 le 15.05.2020 \u00e0 19h18 par APA News<\/p>\n<\/div>\n<div readability=\"65\">\n<p>Par Hicham Alaoui \u2013 Face \u00e0 la crise de Covid-19, et dans le cadre d\u2019un projet marocain visant \u00e0 analyser et d\u00e9chiffrer le code du Covid-19 pr\u00e9sent au Maroc avec l\u2019identification de plusieurs de ses caract\u00e9ristiques, une coalition marocaine dirig\u00e9e par le laboratoire de biotechnologie m\u00e9dicale de la facult\u00e9 de m\u00e9decine et de pharmacie de Rabat a pu analyser plus de 3000 g\u00e9nomes du virus Covid au niveau mondial, apprend-on aupr\u00e8s de cette \u00e9quipe de m\u00e9decins chercheurs.\u00ab Il s\u2019agit d\u2019un projet g\u00e9nomique pour d\u00e9terminer les caract\u00e9ristiques du g\u00e9nome marocain, comprendre la stabilit\u00e9 du virus et permettre aussi s\u2019il y a d\u00e9veloppement d\u2019un vaccin d\u2019en profiter \u00bb, a d\u00e9clar\u00e9 \u00e0 APA, Pr. Azeddine Ibrahimi, Directeur du laboratoire de biotechnologie \u00e0 la Facult\u00e9 de m\u00e9decine et de pharmacie de Rabat, ajoutant que ce projet permet de caract\u00e9riser la virulence du virus et le lien qui permet d\u2019infecter la cellule.<\/p>\n<p>Qualifiant de \u00ab prometteur \u00bb ce projet, Pr. Ibrahimi a expliqu\u00e9 que les travaux ce cette contribution scientifique, soumis \u00e0 publication, ont permis de d\u00e9terminer la r\u00e9partition g\u00e9ographique des g\u00e9nomes de virus dans plus de 58 pays, d\u00e9crivant la diversit\u00e9 g\u00e9n\u00e9tique, l\u2019\u00e9volution du virus et les changements g\u00e9n\u00e9tiques les plus importants dans son g\u00e9nome permettant l\u2019identification de mutations les plus pertinentes.<\/p>\n<p>Selon un document de l\u2019\u00e9quipe scientifique qui supervise ce projet, les r\u00e9sultats de cette recherche permettront de meilleures strat\u00e9gies pour confronter la propagation du virus et am\u00e9liorer les possibilit\u00e9s de prise en charge de la pathologie du Covid-19.<\/p>\n<p>Ces travaux rentrent dans le cadre du grand projet \u00ab\u00a0Genoma\u00a0\u00bb, du laboratoire de biotechnologie m\u00e9dicale de la facult\u00e9 de m\u00e9decine et de pharmacie de Rabat visant \u00e0 cr\u00e9er une plateforme nationale d\u2019analyse des s\u00e9quences de tous les g\u00e9nomes marocains, \u00e0 commencer par le g\u00e9nome de r\u00e9f\u00e9rence humain marocain et les g\u00e9nomes des bact\u00e9ries et virus issues d\u2019\u00e9chantillons marocains disponibles au niveau national ou sur les banques de donn\u00e9es internationales.<\/p>\n<\/div>\n<p>Auteur: APA News<br \/>\n<a href=\"https:\/\/www.journalducameroun.com\/covid-19-une-equipe-marocaine-analyse-plus-de-3000-genomes-du-coronavirus\/\">Cliquez ici pour lire l&rsquo;article depuis sa source.<\/a><\/p>\n","protected":false},"excerpt":{"rendered":"<p>Publi\u00e9 le 15.05.2020 \u00e0 19h18 par APA News Par Hicham Alaoui \u2013 Face \u00e0 la crise de Covid-19, et dans le cadre d\u2019un projet marocain visant \u00e0 analyser et d\u00e9chiffrer le code du Covid-19 pr\u00e9sent au Maroc avec l\u2019identification de plusieurs de ses caract\u00e9ristiques, une coalition marocaine dirig\u00e9e par le laboratoire de biotechnologie m\u00e9dicale de [&hellip;]<\/p>\n","protected":false},"author":1965,"featured_media":0,"comment_status":"closed","ping_status":"closed","sticky":false,"template":"","format":"standard","meta":{"fifu_image_url":"","fifu_image_alt":"","footnotes":""},"categories":[73,82],"tags":[],"class_list":["post-85633","post","type-post","status-publish","format-standard","hentry","category-actualite","category-cameroun"],"_links":{"self":[{"href":"https:\/\/linitiative.ca\/International\/wp-json\/wp\/v2\/posts\/85633","targetHints":{"allow":["GET"]}}],"collection":[{"href":"https:\/\/linitiative.ca\/International\/wp-json\/wp\/v2\/posts"}],"about":[{"href":"https:\/\/linitiative.ca\/International\/wp-json\/wp\/v2\/types\/post"}],"author":[{"embeddable":true,"href":"https:\/\/linitiative.ca\/International\/wp-json\/wp\/v2\/users\/1965"}],"replies":[{"embeddable":true,"href":"https:\/\/linitiative.ca\/International\/wp-json\/wp\/v2\/comments?post=85633"}],"version-history":[{"count":0,"href":"https:\/\/linitiative.ca\/International\/wp-json\/wp\/v2\/posts\/85633\/revisions"}],"wp:attachment":[{"href":"https:\/\/linitiative.ca\/International\/wp-json\/wp\/v2\/media?parent=85633"}],"wp:term":[{"taxonomy":"category","embeddable":true,"href":"https:\/\/linitiative.ca\/International\/wp-json\/wp\/v2\/categories?post=85633"},{"taxonomy":"post_tag","embeddable":true,"href":"https:\/\/linitiative.ca\/International\/wp-json\/wp\/v2\/tags?post=85633"}],"curies":[{"name":"wp","href":"https:\/\/api.w.org\/{rel}","templated":true}]}}