{"id":85640,"date":"2020-05-16T06:35:21","date_gmt":"2020-05-16T10:35:21","guid":{"rendered":"https:\/\/linitiative.ca\/International\/arganiculture-le-projet-dared-continue-son-deploiement\/"},"modified":"2020-05-16T06:35:21","modified_gmt":"2020-05-16T10:35:21","slug":"arganiculture-le-projet-dared-continue-son-deploiement","status":"publish","type":"post","link":"https:\/\/linitiative.ca\/International\/arganiculture-le-projet-dared-continue-son-deploiement\/","title":{"rendered":"Arganiculture : Le projet Dared continue  son d\u00e9ploiement"},"content":{"rendered":"<p><img decoding=\"async\" class=\"post_layout_5_img\" src=\"http:\/\/aujourdhui.ma\/wp-content\/uploads\/2020\/05\/Arganiculture-Argrane.jpg\" alt=\"Arganiculture : Le projet Dared continue son d&#xE9;ploiement\"\/><\/p>\n<p><span class=\"c7\"><strong>Un appel d\u2019offres lanc\u00e9 par l\u2019Andzoa pour l\u2019organisation de sessions de formation<\/strong><\/span><br \/><span id=\"more-345084\"\/><\/p>\n<p><span class=\"c8\">Une \u00e9tude engag\u00e9e par l\u2019Andzoa a confirm\u00e9 la n\u00e9cessit\u00e9 de structurer territorialement l\u2019aire g\u00e9ographique de l\u2019arganeraie en p\u00e9rim\u00e8tres de production homog\u00e8nes sur les plans social et technique.<\/span><\/p>\n<p>L\u2019Agence nationale pour le d\u00e9veloppement des zones oasiennes et de l\u2019arganier (ANDZOA) organisera prochainement des sessions de formation au profit des membres des organisations professionnelles porteurs des projets d\u2019arganiculture dans le cadre du projet de d\u00e9veloppement de l\u2019arganiculture dans les zones vuln\u00e9rables (DARED).<\/p>\n<p>Dans les d\u00e9tails, une \u00e9tude engag\u00e9e par l\u2019Andzoa a confirm\u00e9 la n\u00e9cessit\u00e9 de structurer territorialement l\u2019aire g\u00e9ographique de l\u2019arganeraie en p\u00e9rim\u00e8tres de production homog\u00e8nes sur les plans social et technique. Ladite \u00e9tude a sugg\u00e9r\u00e9 de mettre en place des mod\u00e8les d\u2019organisation des ayants droit \u00e0 cr\u00e9er par p\u00e9rim\u00e8tre ainsi que la formule de leur f\u00e9d\u00e9ration en des GIE, tout en s\u2019assurant de la viabilit\u00e9 technique, financi\u00e8re et \u00e9conomique de ces nouvelles institutions.<br \/>C\u2019est dans cette optique que s\u2019inscrit l\u2019appel d\u2019offres lanc\u00e9 r\u00e9cemment par l\u2019Andzoa pour l\u2019organisation de sessions de formation qui visent la structuration des acteurs op\u00e9rant dans l\u2019amont de la fili\u00e8re de l\u2019arganier et ce \u00e0 travers l\u2019accompagnement de l\u2019organisation professionnelle des ayants droit ainsi que la gestion des vergers de l\u2019arganier.<\/p>\n<p>L\u2019accompagnement pr\u00e9vu dans le cadre ce projet sera ax\u00e9 sur l\u2019assistance technique, l\u2019am\u00e9lioration des connaissances (statistiques et socio-\u00e9conomiques) concernant la fili\u00e8re et l\u2019organisation professionnelle. Dans ce sens, ladite formation portera sur l\u2019organisation professionnelle de l\u2019amont de la fili\u00e8re d\u2019argane, la conduite technique de l\u2019arganiculture, et des plantes aromatiques et m\u00e9dicinales, et la gestion des conflits et m\u00e9diation sociale. Celle-ci se d\u00e9roulera dans les provinces d\u2019Essaouira, Sidi Ifni, Tiznit, Chtouka Ait Baha, Guelmim, et Taroudant.<br \/>Pour rappel, l\u2019objectif global du projet Dared est de renforcer la r\u00e9silience des communaut\u00e9s rurales et de la r\u00e9serve de biosph\u00e8re arganeraie face au changement climatique.<\/p>\n<p>Ledit projet vise \u00e0 mettre en place les vergers modernes de l\u2019arganier (l\u2019arganiculture), l\u2019appui aux initiatives de pr\u00e9servation de l\u2019\u00e9cosyst\u00e8me arganier, le renforcement des capacit\u00e9s, la gestion des connaissances, la promotion de la recherche et la construction d\u2019un environnement institutionnel et organisationnel innovant favorable \u00e0 cet effet.<br \/>Le projet contribuera \u00e9galement \u00e0 am\u00e9liorer la fertilit\u00e9 des sols et \u00e0 en accro\u00eetre la s\u00e9questration du carbone par la production de biomasse. Il am\u00e9liorera directement les conditions de vie de la population locale, et en particulier des femmes, cela permettra de soulager la pression anthropique sur la for\u00eat naturelle de l\u2019arganier tout en am\u00e9liorant la production et la productivit\u00e9 des arbres. Ce projet permettra \u00e9galement d\u2019adopter un syst\u00e8me de culture qui utilise l\u2019eau d\u2019une mani\u00e8re plus efficiente. Il contribuera aussi \u00e0 att\u00e9nuer les impacts n\u00e9gatifs li\u00e9s aux inondations et la protection des vies humaines dans un environnement marqu\u00e9 par le changement climatique.<\/p>\n<p>Ce dernier pr\u00e9voit la plantation de 10.000 ha de vergers d\u2019arganier avec des plantations intercalaires de plantes aromatiques et m\u00e9dicinales (PAM) sur 2.000 hectares. Ces activit\u00e9s principales sont appuy\u00e9es par plusieurs actions et activit\u00e9s de soutien, dont notamment la conservation des sols, la collecte des eaux pluviales, l\u2019appui aux ayants droit, agriculteurs et organisations professionnelles des producteurs du fruit d\u2019argane pour la cogestion des for\u00eats naturelles, le renforcement des capacit\u00e9s des acteurs, le partage des connaissances et la promotion de la recherche.<\/p>\n<p>Auteur: Mohamed Laabid<br \/>\n<a href=\"https:\/\/aujourdhui.ma\/economie\/arganiculture-le-projet-dared-continue-son-deploiement\">Cliquez ici pour lire l&rsquo;article depuis sa source.<\/a><\/p>\n","protected":false},"excerpt":{"rendered":"<p>Un appel d\u2019offres lanc\u00e9 par l\u2019Andzoa pour l\u2019organisation de sessions de formation Une \u00e9tude engag\u00e9e par l\u2019Andzoa a confirm\u00e9 la n\u00e9cessit\u00e9 de structurer territorialement l\u2019aire g\u00e9ographique de l\u2019arganeraie en p\u00e9rim\u00e8tres de production homog\u00e8nes sur les plans social et technique. L\u2019Agence nationale pour le d\u00e9veloppement des zones oasiennes et de l\u2019arganier (ANDZOA) organisera prochainement des sessions [&hellip;]<\/p>\n","protected":false},"author":1759,"featured_media":85641,"comment_status":"closed","ping_status":"closed","sticky":false,"template":"","format":"standard","meta":{"fifu_image_url":"","fifu_image_alt":"","footnotes":""},"categories":[73,54],"tags":[],"class_list":["post-85640","post","type-post","status-publish","format-standard","has-post-thumbnail","hentry","category-actualite","category-maroc"],"_links":{"self":[{"href":"https:\/\/linitiative.ca\/International\/wp-json\/wp\/v2\/posts\/85640","targetHints":{"allow":["GET"]}}],"collection":[{"href":"https:\/\/linitiative.ca\/International\/wp-json\/wp\/v2\/posts"}],"about":[{"href":"https:\/\/linitiative.ca\/International\/wp-json\/wp\/v2\/types\/post"}],"author":[{"embeddable":true,"href":"https:\/\/linitiative.ca\/International\/wp-json\/wp\/v2\/users\/1759"}],"replies":[{"embeddable":true,"href":"https:\/\/linitiative.ca\/International\/wp-json\/wp\/v2\/comments?post=85640"}],"version-history":[{"count":0,"href":"https:\/\/linitiative.ca\/International\/wp-json\/wp\/v2\/posts\/85640\/revisions"}],"wp:featuredmedia":[{"embeddable":true,"href":"https:\/\/linitiative.ca\/International\/wp-json\/"}],"wp:attachment":[{"href":"https:\/\/linitiative.ca\/International\/wp-json\/wp\/v2\/media?parent=85640"}],"wp:term":[{"taxonomy":"category","embeddable":true,"href":"https:\/\/linitiative.ca\/International\/wp-json\/wp\/v2\/categories?post=85640"},{"taxonomy":"post_tag","embeddable":true,"href":"https:\/\/linitiative.ca\/International\/wp-json\/wp\/v2\/tags?post=85640"}],"curies":[{"name":"wp","href":"https:\/\/api.w.org\/{rel}","templated":true}]}}