{"id":85644,"date":"2020-05-16T09:35:30","date_gmt":"2020-05-16T13:35:30","guid":{"rendered":"https:\/\/linitiative.ca\/International\/17eme-anniversaire-des-evenements-tragiques-du-16-mai-2003-lappel-de-lobservatoire-de-lutte-contre-le-terrorisme-et-lextremisme\/"},"modified":"2020-05-16T09:35:30","modified_gmt":"2020-05-16T13:35:30","slug":"17eme-anniversaire-des-evenements-tragiques-du-16-mai-2003-lappel-de-lobservatoire-de-lutte-contre-le-terrorisme-et-lextremisme","status":"publish","type":"post","link":"https:\/\/linitiative.ca\/International\/17eme-anniversaire-des-evenements-tragiques-du-16-mai-2003-lappel-de-lobservatoire-de-lutte-contre-le-terrorisme-et-lextremisme\/","title":{"rendered":"17\u00e8me anniversaire des \u00e9v\u00e8nements tragiques du 16 mai 2003: L\u2019appel de l\u2019Observatoire de lutte contre le terrorisme et l\u2019extr\u00e9misme"},"content":{"rendered":"<header>\n<\/header>\n<div class=\"entry-content clearfix\" readability=\"68\"><img decoding=\"async\" class=\"post_layout_5_img\" src=\"http:\/\/aujourdhui.ma\/wp-content\/uploads\/2020\/05\/attentat-16-mai-Observatoire-marocain-de-lutte-contre-le-terrorisme-et-lextr\u00e9misme.jpg\" alt=\"17&#xE8;me anniversaire des &#xE9;v&#xE8;nements tragiques du 16 mai 2003: L&#x2019;appel de l&#x2019;Observatoire de lutte contre le terrorisme et l&#x2019;extr&#xE9;misme\"\/><\/p>\n<p><span class=\"c7\"><strong>L\u2019Observatoire marocain de lutte contre le terrorisme et l\u2019extr\u00e9misme a comm\u00e9mor\u00e9 dans la douleur et le recueillement le 17\u00e8me anniversaire des \u00e9v\u00e8nements tragiques du 16 mai et qui co\u00efncide cette ann\u00e9e avec la p\u00e9riode difficile que traverse le monde entier en raison du Covid-19.<\/strong><\/span><span id=\"more-345116\"\/><\/p>\n<p>En cette douloureuse occasion, l\u2019Observatoire a lanc\u00e9 vendredi un appel \u00e0 toutes les forces vives de la soci\u00e9t\u00e9 marocaine pour d\u00e9ployer davantage d\u2019efforts pour lutter contre toutes les formes de terrorisme.<\/p>\n<p>Par l\u2019occasion l\u2019Observatoire rappelle son appui et soutien aux victimes et leurs familles et son solidarit\u00e9 avec les personnes ayant surv\u00e9cu \u00e0 ce crime ignoble, et d\u00e9nonce toutes les op\u00e9rations qui visent des personnes innocentes au Maroc et ailleurs, et qui touchent le droit \u00e0 la vie et \u00e0 l\u2019int\u00e9grit\u00e9 physique.<br \/>L\u2019Observatoire rejette les mentalit\u00e9s qui se basent sur le blasph\u00e8me et appelle \u00e0 la promotion des valeurs de la tol\u00e9rance religieuse, et \u00e0 la diffusion de la culture des droits de l\u2019homme et de la citoyennet\u00e9 dans tous les niveaux de l\u2019enseignement et dans tous les canaux de la vie sociale.<\/p>\n<p>Selon un communiqu\u00e9 de l\u2019Observatoire, \u00abil faut mettre fin \u00e0 l\u2019usage de la religion \u00e0 des fins politiques, et proc\u00e9d\u00e9 \u00e0 une r\u00e9vision compl\u00e8te des orientations officielles \u00e9ducatives, culturelles, m\u00e9diatiques et religieuses, et adopter des projets \u00e9ducatifs qui s\u2019appuient sur l\u2019analyse scientifique et rationnelle\u00bb.<br \/>D\u2019apr\u00e8s l\u2019Observatoire, \u00abil est primordial d\u2019assurer la justice et l\u2019\u00e9galit\u00e9 pour tous \u00e0 travers une l\u00e9gislation favorable \u00e0 la tol\u00e9rance, et garantir le droit \u00e0 la participation \u00e9conomique, sociale sans aucune distinction, et ce en faveur d\u2019une soci\u00e9t\u00e9 tol\u00e9rante qui rejette la violence et de l\u2019extr\u00e9misme\u00bb.<\/p>\n<p>L\u2019Observatoire lance \u00e9galement un appel \u00e0 toutes les instances et composantes de la soci\u00e9t\u00e9 pour promouvoir une soci\u00e9t\u00e9 de tol\u00e9rance, d\u2019ouverture et de solidarit\u00e9, et estime que \u00abla lutte contre le terrorisme et l\u2019extr\u00e9misme demande l\u2019implication et l\u2019aide de la sph\u00e8re familiale et scolaire\u00bb.<\/p>\n<\/div>\n<p>Auteur: ALM<br \/>\n<a href=\"https:\/\/aujourdhui.ma\/societe\/17eme-anniversaire-des-evenements-tragiques-du-16-mai-2003-lappel-de-lobservatoire-de-lutte-contre-le-terrorisme-et-lextremisme\">Cliquez ici pour lire l&rsquo;article depuis sa source.<\/a><\/p>\n","protected":false},"excerpt":{"rendered":"<p>L\u2019Observatoire marocain de lutte contre le terrorisme et l\u2019extr\u00e9misme a comm\u00e9mor\u00e9 dans la douleur et le recueillement le 17\u00e8me anniversaire des \u00e9v\u00e8nements tragiques du 16 mai et qui co\u00efncide cette ann\u00e9e avec la p\u00e9riode difficile que traverse le monde entier en raison du Covid-19. En cette douloureuse occasion, l\u2019Observatoire a lanc\u00e9 vendredi un appel \u00e0 [&hellip;]<\/p>\n","protected":false},"author":1759,"featured_media":85645,"comment_status":"closed","ping_status":"closed","sticky":false,"template":"","format":"standard","meta":{"fifu_image_url":"","fifu_image_alt":"","footnotes":""},"categories":[73,54],"tags":[],"class_list":["post-85644","post","type-post","status-publish","format-standard","has-post-thumbnail","hentry","category-actualite","category-maroc"],"_links":{"self":[{"href":"https:\/\/linitiative.ca\/International\/wp-json\/wp\/v2\/posts\/85644","targetHints":{"allow":["GET"]}}],"collection":[{"href":"https:\/\/linitiative.ca\/International\/wp-json\/wp\/v2\/posts"}],"about":[{"href":"https:\/\/linitiative.ca\/International\/wp-json\/wp\/v2\/types\/post"}],"author":[{"embeddable":true,"href":"https:\/\/linitiative.ca\/International\/wp-json\/wp\/v2\/users\/1759"}],"replies":[{"embeddable":true,"href":"https:\/\/linitiative.ca\/International\/wp-json\/wp\/v2\/comments?post=85644"}],"version-history":[{"count":0,"href":"https:\/\/linitiative.ca\/International\/wp-json\/wp\/v2\/posts\/85644\/revisions"}],"wp:featuredmedia":[{"embeddable":true,"href":"https:\/\/linitiative.ca\/International\/wp-json\/"}],"wp:attachment":[{"href":"https:\/\/linitiative.ca\/International\/wp-json\/wp\/v2\/media?parent=85644"}],"wp:term":[{"taxonomy":"category","embeddable":true,"href":"https:\/\/linitiative.ca\/International\/wp-json\/wp\/v2\/categories?post=85644"},{"taxonomy":"post_tag","embeddable":true,"href":"https:\/\/linitiative.ca\/International\/wp-json\/wp\/v2\/tags?post=85644"}],"curies":[{"name":"wp","href":"https:\/\/api.w.org\/{rel}","templated":true}]}}