{"id":85648,"date":"2020-05-15T14:07:27","date_gmt":"2020-05-15T18:07:27","guid":{"rendered":"https:\/\/linitiative.ca\/International\/%ef%bb%bf14-propositions-de-loi-lors-de-la-periode-de-confinement\/"},"modified":"2020-05-15T14:07:27","modified_gmt":"2020-05-15T18:07:27","slug":"%ef%bb%bf14-propositions-de-loi-lors-de-la-periode-de-confinement","status":"publish","type":"post","link":"https:\/\/linitiative.ca\/International\/%ef%bb%bf14-propositions-de-loi-lors-de-la-periode-de-confinement\/","title":{"rendered":"\ufeff14 propositions de loi lors de la p\u00e9riode de confinement"},"content":{"rendered":"<p class=\"has-text-color has-vivid-red-color c2\"><strong>Chambre des repr\u00e9sentants<\/strong><\/p>\n<p class=\"has-text-color c3\"><strong>Les composantes de la Chambre des repr\u00e9sentants ont soumis, au cours de la p\u00e9riode de confinement, 14 propositions de loi portant sur des questions \u00e9conomiques, financi\u00e8res et administratives.<\/strong><\/p>\n<p>Ces propositions ont port\u00e9 sur les obligations et contrats, l\u2019indemnisation des accidents de travail, la protection du consommateur, l\u2019\u00e9tat d\u2019urgence sanitaire, le code de m\u00e9dicaments et de pharmacie ainsi que la loi cadre relative au syst\u00e8me de sant\u00e9, a indiqu\u00e9 la Chambre des repr\u00e9sentants dans un communiqu\u00e9, \u00e0 l\u2019issue de la r\u00e9union hebdomadaire de son bureau, tenue mercredi.<\/p>\n<p>L\u2019ordre du jour de cette r\u00e9union hebdomadaire comprenait le contr\u00f4le, la l\u00e9gislation et l\u2019organisation des travaux de la Chambre, souligne la m\u00eame source, notant que le bureau a saisi cette occasion pour examiner les diverses mesures li\u00e9es aux projets et propositions transmises aux commissions. Le bureau a \u00e9galement relev\u00e9 l\u2019importance des initiatives l\u00e9gislatives, dont le nombre d\u00e9passe les 190 propositions.<\/p>\n<p>Etant donn\u00e9e l\u2019efficacit\u00e9 de cette contribution l\u00e9gislative et la n\u00e9cessit\u00e9 pour les citoyens de faire face aux r\u00e9percussions de la pand\u00e9mie du nouveau coronavirus, le bureau a d\u00e9cid\u00e9 d\u2019adresser une correspondance au chef du gouvernement \u00e0 ce sujet, afin de trouver un moyen ad\u00e9quat pour la programmation de ces propositions dans les plus brefs d\u00e9lais, en plus d\u2019inviter les pr\u00e9sidents des commissions permanentes \u00e0 prendre toutes les mesures n\u00e9cessaires \u00e0 cet effet.<\/p>\n<p>Le bureau a, \u00e9galement, mis en lumi\u00e8re l\u2019importance de l\u2019activit\u00e9 l\u00e9gislative men\u00e9e par les commissions permanentes au cours de cette semaine, notant que la Commission des secteurs productifs a adopt\u00e9 \u00e0 l\u2019unanimit\u00e9 le projet de loi 30-20 \u00e9dictant des dispositions particuli\u00e8res pour les contrats de voyage, les s\u00e9jours touristiques et les contrats de transport a\u00e9rien des passagers.<\/p>\n<p>En outre, le bureau a \u00e9voqu\u00e9 la question des mesures pr\u00e9ventives mises en place au sein des commissions et des s\u00e9ances pl\u00e9ni\u00e8res, soulignant l\u2019efficacit\u00e9 des d\u00e9cisions prises depuis le d\u00e9but de la p\u00e9riode du confinement et saluant \u00e0 cet \u00e9gard, les efforts continus d\u00e9ploy\u00e9s par tous les membres de la Chambre pour une participation effective, pr\u00e9sentielle ou \u00e0 distance.<\/p>\n<p>Concernant le contr\u00f4le l\u00e9gislatif, le bureau de la chambre a d\u00e9cid\u00e9 de pr\u00e9voir deux s\u00e9ances, le 18 mai prochain, expliquant que la premi\u00e8re sera consacr\u00e9e aux questions orales relatives au secteur de l\u2019\u00e9ducation nationale, de la formation professionnelle et de la recherche scientifique et la seconde sera une s\u00e9ance pl\u00e9ni\u00e8re commune entre les deux chambres du parlement, le 18 mai, pour la pr\u00e9sentation de la d\u00e9claration du chef du gouvernement sur la gestion du confinement post-20 mai.<\/p>\n<p>Le bureau a, par ailleurs, relev\u00e9 l\u2019importance de la r\u00e9union de la commission de l\u2019enseignement, de la culture et de la communication, tenue en pr\u00e9sence du ministre de l\u2019Education nationale, de la Formation professionnelle, de l\u2019Enseignement sup\u00e9rieur et de la Recherche scientifique, et consacr\u00e9e aux dispositions prises lors de la p\u00e9riode de confinement, des perspectives futures et des questions portant sur l\u2019\u00e9ducation nationale.<\/p>\n<p>En outre, le bureau a mis en relief la forte cadence des activit\u00e9s l\u00e9gislatives des diverses commissions permanentes, observ\u00e9e lors de cette p\u00e9riode, qui a su accompagner dans un esprit responsable et patriotique toutes les questions et pr\u00e9occupations de l\u2019opinion publique nationale, conclut le communiqu\u00e9.<\/p>\n<p>Auteur: M&rsquo;hammed rahal<br \/>\n<a href=\"http:\/\/albayane.press.ma\/%EF%BB%BF14-propositions-de-loi-lors-de-la-periode-de-confinement.html\">Cliquez ici pour lire l&rsquo;article depuis sa source.<\/a><\/p>\n","protected":false},"excerpt":{"rendered":"<p>Chambre des repr\u00e9sentants Les composantes de la Chambre des repr\u00e9sentants ont soumis, au cours de la p\u00e9riode de confinement, 14 propositions de loi portant sur des questions \u00e9conomiques, financi\u00e8res et administratives. Ces propositions ont port\u00e9 sur les obligations et contrats, l\u2019indemnisation des accidents de travail, la protection du consommateur, l\u2019\u00e9tat d\u2019urgence sanitaire, le code de [&hellip;]<\/p>\n","protected":false},"author":1760,"featured_media":0,"comment_status":"closed","ping_status":"closed","sticky":false,"template":"","format":"standard","meta":{"fifu_image_url":"","fifu_image_alt":"","footnotes":""},"categories":[73,54],"tags":[],"class_list":["post-85648","post","type-post","status-publish","format-standard","hentry","category-actualite","category-maroc"],"_links":{"self":[{"href":"https:\/\/linitiative.ca\/International\/wp-json\/wp\/v2\/posts\/85648","targetHints":{"allow":["GET"]}}],"collection":[{"href":"https:\/\/linitiative.ca\/International\/wp-json\/wp\/v2\/posts"}],"about":[{"href":"https:\/\/linitiative.ca\/International\/wp-json\/wp\/v2\/types\/post"}],"author":[{"embeddable":true,"href":"https:\/\/linitiative.ca\/International\/wp-json\/wp\/v2\/users\/1760"}],"replies":[{"embeddable":true,"href":"https:\/\/linitiative.ca\/International\/wp-json\/wp\/v2\/comments?post=85648"}],"version-history":[{"count":0,"href":"https:\/\/linitiative.ca\/International\/wp-json\/wp\/v2\/posts\/85648\/revisions"}],"wp:attachment":[{"href":"https:\/\/linitiative.ca\/International\/wp-json\/wp\/v2\/media?parent=85648"}],"wp:term":[{"taxonomy":"category","embeddable":true,"href":"https:\/\/linitiative.ca\/International\/wp-json\/wp\/v2\/categories?post=85648"},{"taxonomy":"post_tag","embeddable":true,"href":"https:\/\/linitiative.ca\/International\/wp-json\/wp\/v2\/tags?post=85648"}],"curies":[{"name":"wp","href":"https:\/\/api.w.org\/{rel}","templated":true}]}}