{"id":85649,"date":"2020-05-15T14:23:43","date_gmt":"2020-05-15T18:23:43","guid":{"rendered":"https:\/\/linitiative.ca\/International\/la-bundesliga-premier-championnat-a-reprendre-ses-droits\/"},"modified":"2020-05-15T14:23:43","modified_gmt":"2020-05-15T18:23:43","slug":"la-bundesliga-premier-championnat-a-reprendre-ses-droits","status":"publish","type":"post","link":"https:\/\/linitiative.ca\/International\/la-bundesliga-premier-championnat-a-reprendre-ses-droits\/","title":{"rendered":"La Bundesliga premier championnat \u00e0 reprendre ses droits"},"content":{"rendered":"<p class=\"c2\"><strong>Rachid Lebchir<\/strong><\/p>\n<p class=\"has-text-color c3\"><strong>C\u2019est ce week-end que le football comp\u00e9titif officiel en Allemagne va reprendre ses droits apr\u00e8s 2 mois environ d\u2019arr\u00eat forc\u00e9 en raison de la pand\u00e9mie de Coronavirus qui a paralys\u00e9 le monde entier. La Bundesliga reverra ainsi le jour dans ses deux plus hautes divisions 1 et 2 \u00e0 partir du samedi 16 mai en attendant les autres championnats europ\u00e9ens qui suivront progressivement dans les deux mois \u00e0 venir, en Europe mais aussi dans les autres continents dont l\u2019Afrique o\u00f9 le Maroc reste l\u2019un des pays qui y croient encore.<\/strong><\/p>\n<p>La Bundesliga passe ainsi pour le premier championnat \u00e0 retrouver les stades \u00e0 l\u2019\u00e9chelon international. Le m\u00e9rite revient aux autorit\u00e9s allemandes officielles qui ont tout pr\u00e9vu pour battre la pand\u00e9mie avant de donner le feu vert pour reprendre la comp\u00e9tition, mais \u00e0 huis clos afin d\u2019\u00e9viter les risques sanitaires qui ne sont toujours pas \u00e0 minimiser.<\/p>\n<p>La Ligue professionnelle allemande a officialis\u00e9 la reprise des matches apr\u00e8s \u00e9valuation de tous les arguments tout en consultant les 36 clubs professionnels concern\u00e9s dans les deux divisions de la Bundesliga.<\/p>\n<p>Apr\u00e8s certains premiers matches jou\u00e9s, vendredi, le championnat rentre dans le vif du sujet \u00e0 partir de ce week-end dans une course d\u00e9cisive \u00e0 neuf journ\u00e9es de la fin d\u2019une Bundesliga qui promet beaucoup. Le Bayern Munich qui reste leader avec 55 points apr\u00e8s la 25<sup>e<\/sup> journ\u00e9e, peut toujours viser un 8e titre cons\u00e9cutif. Mais \u00e0 neuf journ\u00e9es de la fin, la concurrence reste encore acharn\u00e9e pour d\u2019autres concurrents car le club bavarois n\u2019est qu\u2019\u00e0 4 unit\u00e9s d\u2019avance sur le Borussia Dortmund et 5 sur le RB Leipzig.<\/p>\n<p>Les trois concurrents vont commencer par des matches diff\u00e9rents dont celui du Bayern qui sera en d\u00e9placement face \u00e0 l\u2019Union Berlin, a priori un adversaire facile \u00e0 \u00e9carter dans l\u2019espoir de r\u00e9ussir une autre \u00e9chapp\u00e9e ou du moins conserver son avance en t\u00eate du classement. Par contre, les projecteurs seront braqu\u00e9s sur le derby de la Ruhr entre le Borussia Dortmund de l\u2019international des Lions de l\u2019Atlas Achraf Hakimi et Schalke 04 des deux autres internationaux marocains Amine Harit et Nassim Boujellab. Il s\u2019agit probablement du derby le plus passionn\u00e9 d\u2019Allemagne, qui est forc\u00e9ment impact\u00e9 par l\u2019absence des supporters des deux camps mais qui reste plus important pour Dortmund qui souhaite rester dans le r\u00e9troviseur du Bayern. M\u00eame chose pour le 3<sup>e<\/sup> club du podium, Leipzig, qui \u00a0sera oppos\u00e9 \u00e0 un adversaire du milieu du tableau, Fribourg (8e).<\/p>\n<p>Le statu quo pourrait ainsi \u00eatre maintenu pour les 3 premiers clubs en t\u00eate. Et si tout se passe bien pour le Bayern, le titre lui tendra la main, enfin de compte, apr\u00e8s une saison boulevers\u00e9e et qui devra se terminer dans le dernier week-end de juin pour laisser place \u00e0 la finale de la Coupe du pays qui pourrait encore \u00eatre jou\u00e9e au d\u00e9but du mois de juillet.<\/p>\n<p>Ce sera donc une bonne chose pour le football en Allemagne ou dans n\u2019importe quel autre pays qui croit bien au retour des comp\u00e9titions. Car il reste d\u2019une grande importance pour une comp\u00e9tition de se d\u00e9cider sur terrain et non sur tapis vert, surtout pour ne pas conna\u00eetre le m\u00eame sort d\u2019autres grands championnats du Vieux Continent \u00e0 l\u2019instar de la France, les Pays-Bas ou la Belgique qui ont opt\u00e9 pour une fin de saison avant terme.<\/p>\n<p>L\u2019Allemagne qui a donc vu juste de retrouver les stades m\u00eame devant des tribunes vides, serait ainsi suivie par ses homologues des grands championnats europ\u00e9ens dont l\u2019Angleterre, l\u2019Espagne, l\u2019Italie et d\u2019autres\u2026 qui comptent reprendre, au mieux, dans la seconde moiti\u00e9 de juin et \u00e9galement sans public.<\/p>\n<p>Et si les d\u00e9s sont d\u00e9j\u00e0 jet\u00e9s pour \u00a0le titre en Premier League avec Liverpool qui a totalis\u00e9 un nombre record de 82 points apr\u00e8s la 29e journ\u00e9e, soit 25 unit\u00e9s d\u2019avance sur son poursuivant imm\u00e9diat, Manchester City, en 28 matches, ce qui assure pratiquement les Reds de leur cons\u00e9cration tant attendue depuis 30 ans, la course pour le sacre est encore jouable en Italie et en Espagne.<\/p>\n<p>En Seria A qui est \u00e0 sa 26<sup>e<\/sup> journ\u00e9e, la Juventus m\u00e8ne la barque avec 63 points mais seulement \u00e0 une longueur de son rival, Lazio Rome.<\/p>\n<p>En Liga, les deux t\u00e9nors sont \u00e9galement en lutte serr\u00e9e. Le Bar\u00e7a leader avec 58 points est \u00e0 2 unit\u00e9s de son rival, le Real, apr\u00e8s la 27e journ\u00e9e.<\/p>\n<p>Voil\u00e0, en gros pour la reprise dans ces grands championnats europ\u00e9ens qui vont red\u00e9marrer un football de haut niveau mais sur la base de mesures sanitaires draconiennes avec des protocoles m\u00e9dicaux tr\u00e8s complets, fond\u00e9s essentiellement sur la multiplication des tests de d\u00e9tection du coronavirus et sur d\u2019innombrables mesures de protection qui vont vider le foot de son charme, malheureusement.<\/p>\n<p>Enfin pour le Maroc qui s\u2019appr\u00eate, lui aussi, \u00e0 reprendre les services de sa Botola en juillet prochain, \u00a0\u00e0 huis clos bien s\u00fbr, il devra tout simplement s\u2019inspirer\u00a0 des exemples de ces championnats europ\u00e9ens.<\/p>\n<p>Les clubs vont s\u2019isoler deux semaines avant la reprise avec les matches en retard qui sont assez nombreux et qui vont durer pendant une quinzaine de jours. Puis les 10 journ\u00e9es qui restent encore \u00e0 jouer vont prendre un temps de deux mois environ avec une course toujours serr\u00e9e en t\u00eate du classement. Le WAC leader avec 36 points en 18 matches n\u2019est qu\u2019\u00e0 une seule unit\u00e9 du FUS 2<sup>e<\/sup> qui a disput\u00e9 ses 20 matches alors que pas moins de 5 clubs\u00a0 sont regroup\u00e9s dans le peloton de t\u00eate dont le Raja qui vient, certes, en 6<sup>e<\/sup> place avec 28 points mais qui n\u2019a disput\u00e9 que 15 matches, soit la moiti\u00e9 de la Botola.<\/p>\n<p>Que les responsables de la Botola puissent donc assurer toutes les conditions n\u00e9cessaires techniques, sanitaires, organisationnelles et logistiques\u2026 pour une reprise saine en attendant le feu vert des pouvoirs publics\u2026<\/p>\n<p>Auteur: M&rsquo;hammed rahal<br \/>\n<a href=\"http:\/\/albayane.press.ma\/la-bundesliga-premier-championnat-a-reprendre-ses-droits.html\">Cliquez ici pour lire l&rsquo;article depuis sa source.<\/a><\/p>\n","protected":false},"excerpt":{"rendered":"<p>Rachid Lebchir C\u2019est ce week-end que le football comp\u00e9titif officiel en Allemagne va reprendre ses droits apr\u00e8s 2 mois environ d\u2019arr\u00eat forc\u00e9 en raison de la pand\u00e9mie de Coronavirus qui a paralys\u00e9 le monde entier. La Bundesliga reverra ainsi le jour dans ses deux plus hautes divisions 1 et 2 \u00e0 partir du samedi 16 [&hellip;]<\/p>\n","protected":false},"author":1760,"featured_media":0,"comment_status":"closed","ping_status":"closed","sticky":false,"template":"","format":"standard","meta":{"fifu_image_url":"","fifu_image_alt":"","footnotes":""},"categories":[73,54],"tags":[],"class_list":["post-85649","post","type-post","status-publish","format-standard","hentry","category-actualite","category-maroc"],"_links":{"self":[{"href":"https:\/\/linitiative.ca\/International\/wp-json\/wp\/v2\/posts\/85649","targetHints":{"allow":["GET"]}}],"collection":[{"href":"https:\/\/linitiative.ca\/International\/wp-json\/wp\/v2\/posts"}],"about":[{"href":"https:\/\/linitiative.ca\/International\/wp-json\/wp\/v2\/types\/post"}],"author":[{"embeddable":true,"href":"https:\/\/linitiative.ca\/International\/wp-json\/wp\/v2\/users\/1760"}],"replies":[{"embeddable":true,"href":"https:\/\/linitiative.ca\/International\/wp-json\/wp\/v2\/comments?post=85649"}],"version-history":[{"count":0,"href":"https:\/\/linitiative.ca\/International\/wp-json\/wp\/v2\/posts\/85649\/revisions"}],"wp:attachment":[{"href":"https:\/\/linitiative.ca\/International\/wp-json\/wp\/v2\/media?parent=85649"}],"wp:term":[{"taxonomy":"category","embeddable":true,"href":"https:\/\/linitiative.ca\/International\/wp-json\/wp\/v2\/categories?post=85649"},{"taxonomy":"post_tag","embeddable":true,"href":"https:\/\/linitiative.ca\/International\/wp-json\/wp\/v2\/tags?post=85649"}],"curies":[{"name":"wp","href":"https:\/\/api.w.org\/{rel}","templated":true}]}}