{"id":85654,"date":"2020-05-16T09:48:50","date_gmt":"2020-05-16T13:48:50","guid":{"rendered":"https:\/\/linitiative.ca\/International\/sante-dementi-autour-de-la-majoration-des-honoraires-des-dentistes\/"},"modified":"2020-05-16T09:48:50","modified_gmt":"2020-05-16T13:48:50","slug":"sante-dementi-autour-de-la-majoration-des-honoraires-des-dentistes","status":"publish","type":"post","link":"https:\/\/linitiative.ca\/International\/sante-dementi-autour-de-la-majoration-des-honoraires-des-dentistes\/","title":{"rendered":"Sant\u00e9 : D\u00e9menti autour de la majoration des honoraires des dentistes"},"content":{"rendered":"<p>Le doyen des m\u00e9decins dentistes, Salah Mejri, a ni\u00e9, vendredi, la majoration des honoraires minimaux des consultations des<\/p>\n<p>cabinets des dentistes, pr\u00e9cisant que le Conseil national de l\u2019Ordre des m\u00e9decins dentistes de Tunisie (CNOMDT), sera dans l\u2019obligation d\u2019augmenter les tarifs des consultations au cas o\u00f9 l\u2019Etat n\u2019approuverait pas la compensation des frais suppl\u00e9mentaires relatifs \u00e0 l\u2019acquisition du mat\u00e9riel de protection sanitaire.<\/p>\n<p>Mejri a indiqu\u00e9 que les informations ayant circul\u00e9 sur certains sites \u00e9lectroniques sont \u00ab sans fondement \u00bb, expliquant qu&rsquo; \u00bb il s\u2019agit plut\u00f4t d\u2019une fuite d\u2019une note interne envoy\u00e9e par le CNOMDT aux sections r\u00e9gionales qui ne pr\u00e9cise pas la date d\u2019application de ces majorations \u00ab . Des informations ont circul\u00e9 sur certains sites web faisant \u00e9tat d\u2019une augmentation temporaire des tarifs minimaux des consultations des dentistes \u00e0 50 dinars, et d\u2019une autre augmentation de 20% concernant les actes m\u00e9dicaux, en raison des circonstances exceptionnelles que traverse le pays li\u00e9es \u00e0 la propagation du Coronavirus.<\/p>\n<p>Mejri a dans ce sens r\u00e9v\u00e9l\u00e9 qu\u2019une r\u00e9union aura lieu prochainement avec l\u2019Ordre des m\u00e9decins et l\u2019Ordre des pharmaciens pour tenter de trouver des solutions \u00e0 la crise qui a touch\u00e9 les m\u00e9decins, les pharmaciens et les dentistes en raison des d\u00e9penses suppl\u00e9mentaires r\u00e9sultant de l\u2019acquisition du mat\u00e9riel de protection.<\/p>\n<p>Le doyen des dentistes a soulign\u00e9 \u00e0 cet \u00e9gard que de nombreux dentistes \u00e9taient touch\u00e9s en raison du co\u00fbt \u00e9lev\u00e9 des fournitures m\u00e9dicales et des moyens de protection sanitaire, soulignant que le conseil de l\u2019ordre des dentistes re\u00e7oit quotidiennement de nombreux appels de la part de jeunes dentistes d\u00e9clarant qu\u2019ils seraient dans l\u2019obligation de fermer leurs cabinets \u00e0 cause de la crise.<\/p>\n<p>Il a soulign\u00e9 que les dentistes sont pr\u00eats \u00e0 faire des sacrifices dans ces circonstances exceptionnelles, en maintenant les tarifs de consultations, afin soutenir le pouvoir d\u2019achat du citoyen, \u00e0 condition que le gouvernement r\u00e9ponde \u00e0 un ensemble de propositions, telles que la fourniture de mat\u00e9riel de protection sanitaire.<\/p>\n<p>Il a not\u00e9 que les dentistes recourent \u00e0 l\u2019achat des masques sanitaires aupr\u00e8s des pharmacies priv\u00e9es apr\u00e8s que son prix ait \u00e9t\u00e9 fix\u00e9 \u00e0 500 millimes, en raison de l\u2019augmentation de leurs prix au niveau de la Pharmacie centrale, qui est pass\u00e9 de 7 dinars (50 masques) \u00e0 66 dinars (50 masques), selon lui.<\/p>\n<p>Mejri a \u00e9galement appel\u00e9 \u00e0 l\u2019octroi de pr\u00eats concessionnels au profit des dentistes et au r\u00e9\u00e9chelonnement de leurs cr\u00e9dits ant\u00e9rieurs, faisant savoir qu\u2019une rencontre est pr\u00e9vue avec le chef de cabinet du ministre des Finances pour discuter de la possibilit\u00e9 de classifier le secteur dentaire parmi les secteurs touch\u00e9s \u00e9conomiquement par la pand\u00e9mie du Coronavirus.<\/p>\n<div class=\"wp-post-author-wrap wp-post-author-shortcode left\">\n<h3 class=\"awpa-title\"\/>\n<div class=\"wp-post-author\">\n<div class=\"awpa-img awpa-author-block square\"><a href=\"http:\/\/lexpertjournal.net\/fr\/?author=5\"><img loading=\"lazy\" decoding=\"async\" alt=\"\" src=\"http:\/\/0.gravatar.com\/avatar\/97f8e10a1c1125ba104a76514ee07b16?s=150&amp;d=mm&amp;r=g\" srcset=\"http:\/\/0.gravatar.com\/avatar\/97f8e10a1c1125ba104a76514ee07b16?s=300&amp;d=mm&amp;r=g 2x\" class=\"avatar avatar-150 photo\" height=\"150\" width=\"150\"\/><\/a><\/div>\n<\/div>\n<\/div>\n<aside class=\"mashsb-container mashsb-main mashsb-stretched\">\n<\/aside>\n<p>Auteur: L&rsquo;expert<br \/>\n<a href=\"http:\/\/lexpertjournal.net\/fr\/?p=14756\">Cliquez ici pour lire l&rsquo;article depuis sa source.<\/a><\/p>\n","protected":false},"excerpt":{"rendered":"<p>Le doyen des m\u00e9decins dentistes, Salah Mejri, a ni\u00e9, vendredi, la majoration des honoraires minimaux des consultations des cabinets des dentistes, pr\u00e9cisant que le Conseil national de l\u2019Ordre des m\u00e9decins dentistes de Tunisie (CNOMDT), sera dans l\u2019obligation d\u2019augmenter les tarifs des consultations au cas o\u00f9 l\u2019Etat n\u2019approuverait pas la compensation des frais suppl\u00e9mentaires relatifs \u00e0 [&hellip;]<\/p>\n","protected":false},"author":1775,"featured_media":0,"comment_status":"closed","ping_status":"closed","sticky":false,"template":"","format":"standard","meta":{"fifu_image_url":"","fifu_image_alt":"","footnotes":""},"categories":[78,55],"tags":[],"class_list":["post-85654","post","type-post","status-publish","format-standard","hentry","category-economie","category-tunisie"],"_links":{"self":[{"href":"https:\/\/linitiative.ca\/International\/wp-json\/wp\/v2\/posts\/85654","targetHints":{"allow":["GET"]}}],"collection":[{"href":"https:\/\/linitiative.ca\/International\/wp-json\/wp\/v2\/posts"}],"about":[{"href":"https:\/\/linitiative.ca\/International\/wp-json\/wp\/v2\/types\/post"}],"author":[{"embeddable":true,"href":"https:\/\/linitiative.ca\/International\/wp-json\/wp\/v2\/users\/1775"}],"replies":[{"embeddable":true,"href":"https:\/\/linitiative.ca\/International\/wp-json\/wp\/v2\/comments?post=85654"}],"version-history":[{"count":0,"href":"https:\/\/linitiative.ca\/International\/wp-json\/wp\/v2\/posts\/85654\/revisions"}],"wp:attachment":[{"href":"https:\/\/linitiative.ca\/International\/wp-json\/wp\/v2\/media?parent=85654"}],"wp:term":[{"taxonomy":"category","embeddable":true,"href":"https:\/\/linitiative.ca\/International\/wp-json\/wp\/v2\/categories?post=85654"},{"taxonomy":"post_tag","embeddable":true,"href":"https:\/\/linitiative.ca\/International\/wp-json\/wp\/v2\/tags?post=85654"}],"curies":[{"name":"wp","href":"https:\/\/api.w.org\/{rel}","templated":true}]}}