{"id":85655,"date":"2020-05-16T09:51:34","date_gmt":"2020-05-16T13:51:34","guid":{"rendered":"https:\/\/linitiative.ca\/International\/secteur-touristique-deficit-de-plus-de-6-mdt-et-relance-incertaine\/"},"modified":"2020-05-16T09:51:34","modified_gmt":"2020-05-16T13:51:34","slug":"secteur-touristique-deficit-de-plus-de-6-mdt-et-relance-incertaine","status":"publish","type":"post","link":"https:\/\/linitiative.ca\/International\/secteur-touristique-deficit-de-plus-de-6-mdt-et-relance-incertaine\/","title":{"rendered":"Secteur touristique : D\u00e9ficit de plus de 6 MDT et relance incertaine"},"content":{"rendered":"<p>\u00ab Nous ne pouvons d\u00e9cider de la date de r\u00e9ouverture des \u00e9tablissements touristiques qu\u2019apr\u00e8s l\u2019annonce, le 18 mai 2020, des r\u00e9sultats de la premi\u00e8re phase du confinement sanitaire cibl\u00e9 par le comit\u00e9 scientifique pour la lutte contre le covid-19 et que sur d\u00e9cision de ce dernier \u00bb, a indiqu\u00e9, vendredi, le ministre du tourisme et de l\u2019artisanat, Mohamed Ali Toumi.<\/p>\n<p>Pr\u00e9sidant un \u00ab webinaire \u00bb sur l\u2019Impact du Covid-19 sur le secteur du tourisme et de l\u2019artisanat, organis\u00e9 par l\u2019Ecole Pluridisciplinaire Internationale de Sousse, le ministre a estim\u00e9 \u00e0 plus de 6 milliards de dinars, les pertes enregistr\u00e9es par le secteur, soulignant que la strat\u00e9gie de relance du secteur s\u2019articulera sur trois phases : une premi\u00e8re phase de r\u00e9sistance, une phase de relance et une phase de r\u00e9invention du tourisme tunisien.<\/p>\n<p>Durant la premi\u00e8re phase de r\u00e9sistance, l\u2019Etat essayera, selon le ministre, de mettre en place les m\u00e9canismes d\u2019accompagnent \u00e0 m\u00eame d\u2019aider les diff\u00e9rentes composantes du secteur touristique \u00e0 att\u00e9nuer l\u2019effet de la crise et \u00e0 tenir le coup.<\/p>\n<p>Rappelant que le tourisme contribue \u00e0 raison de 14% au PIB et offre pr\u00e8s de 400 mille emplois directs et indirects avec un grand effet d\u2019entrainement sur le reste des secteurs, Toumi a fait savoir que \u00ab des m\u00e9canismes sp\u00e9cifiques d\u2019appui \u00e0 ce secteur seront annonc\u00e9es dans les heures qui suivent \u00bb.<\/p>\n<p>\u00ab Ces mesures seront n\u00e9cessaires pour redonner confiance aux travailleurs du secteur touristique et pr\u00e9server la paix sociale, et c\u2019est la raison pour laquelle, le maintien du personnel sera une condition essentielle pour b\u00e9n\u00e9ficier des cr\u00e9dits et des soutiens pr\u00e9vus par l\u2019Etat \u00bb.<\/p>\n<p>S\u2019agissant de la deuxi\u00e8me phase, celle de la relance du secteur, le ministre a d\u00e9clar\u00e9\u00a0: \u00ab Nous ne pouvons pas nous aventurer \u00e0 donner des dates pr\u00e9cises pour la relance et la r\u00e9ouverture des \u00e9tablissements touristiques. Cela reste tributaire de l\u2019\u00e9volution de la situation sanitaire. Nous n\u2019avons jusque-l\u00e0 pas fait de faux pas dans la gestion de la crise sanitaire et il ne faut pas se permettre d\u2019en faire dans le futur. Il faut maintenir la courbe aplatie \u00ab .<\/p>\n<p>\u00bb Les bons r\u00e9sultats obtenus jusque-l\u00e0 sur le plan sanitaire, s\u2019ils se poursuivront, vont nous permettre d\u2019asseoir une cr\u00e9dibilit\u00e9 n\u00e9cessaire \u00e0 la relance du secteur \u00bb, a-t-il fait remarquer.<\/p>\n<p>Le ministre a, toutefois, indiqu\u00e9 que \u00ab son d\u00e9partement a d\u00e9j\u00e0 entam\u00e9 ses r\u00e9flexions concernant la phase de relance en \u00e9laborant un protocole sanitaire qui sera bient\u00f4t valid\u00e9 et communiqu\u00e9 aux diff\u00e9rents partenaires \u00e0 travers les diff\u00e9rentes repr\u00e9sentations touristiques \u00e0 l\u2019\u00e9tranger, les ambassadeurs tunisiens \u00e0 l\u2019\u00e9tranger et les ambassadeurs \u00e9trangers accr\u00e9dit\u00e9s \u00e0 Tunis \u00ab .<\/p>\n<p>Toumi a aussi fait savoir qu\u2019il est en train d\u2019encha\u00eener les r\u00e9unions avec les ambassadeurs \u00e9trangers pour essayer d\u2019int\u00e9grer la Tunisie dans les short-lists des pays \u00e0 visiter par les touristes fix\u00e9es par certains pays europ\u00e9ens, en donnant \u00e0 ces pays toutes les garanties n\u00e9cessaires pour la s\u00e9curit\u00e9 de leurs ressortissants mais aussi en prenant toutes les mesures permettant de pr\u00e9server la s\u00e9curit\u00e9 des tunisiens et d\u2019emp\u00eacher une nouvelle propagation du coronavirus dans le pays.<\/p>\n<p>Il a, par ailleurs, pr\u00e9cis\u00e9 que la relance se fera d\u2019abord avec les touristes locaux, puis avec ceux des pays voisins si la situation sanitaire dans ces pays le permette, et dans une prochaine \u00e9tape avec les pays europ\u00e9ens qui accepteront des ouvertures vers la Tunisie, en respectant les exigences sanitaires dict\u00e9es par la pand\u00e9mie.<\/p>\n<p>La troisi\u00e8me phase sera selon le ministre, celle de la r\u00e9invention<\/p>\n<p>du secteur touristique. Il s\u2019agit de la phase autour de laquelle le minist\u00e8re a \u00e9labor\u00e9 son programme mais dont la mise en \u0153uvre a \u00e9t\u00e9 retard\u00e9e par la crise du coronavirus.<\/p>\n<p>\u00bb Cette r\u00e9invention passe in\u00e9vitablement par une vraie diversification du produit touristique (Tourisme sportif, tourisme de croisi\u00e8re et de plaisance, tourisme de loisir\u2026) \u00e0 travers une r\u00e9elle valorisation du potentiel de toutes les r\u00e9gions \u00ab , a-t-il indiqu\u00e9.<\/p>\n<p>\u00bb Cette phase devrait \u00eatre la plus transversale possible et doit impliquer toutes les forces nationales. Le tourisme c\u2019est le bout de la cha\u00eene. L\u2019attractivit\u00e9 touristiques de nos r\u00e9gions et villes est aussi et surtout tributaire de la qualit\u00e9 de l\u2019environnement, des infrastructures, de la qualit\u00e9 des routes et de l\u2019\u00e9clairage public, de l\u2019entretien des monuments historiques, des visas \u00e9lectroniques\u2026 \u00bb a-t-il encore consid\u00e9r\u00e9.<\/p>\n<p>Toujours selon le ministre, la r\u00e9invention du secteur exige \u00e9galement une vraie digitalisation du secteur. \u00ab Nous sommes tr\u00e8s en retard en mati\u00e8re de digitalisation, mais il s\u2019agit l\u00e0 d\u2019un axe prioritaire de notre strat\u00e9gie de r\u00e9invention du secteur \u00ab .<\/p>\n<p>Le ministre a aussi profit\u00e9 de l\u2019occasion pour saluer l\u2019implication de toutes les composantes du secteur touristiques (h\u00f4tels, agences de voyages, restaurants, guides\u2026) dans les efforts de lutte contre le covid-19, pr\u00e9cisant que plus de 11 mille chambres<\/p>\n<p>ont \u00e9t\u00e9 volontairement mobilis\u00e9es pour soutenir la capacit\u00e9 de confinement obligatoire.<\/p>\n<div class=\"wp-post-author-wrap wp-post-author-shortcode left\">\n<h3 class=\"awpa-title\"\/>\n<div class=\"wp-post-author\">\n<div class=\"awpa-img awpa-author-block square\"><a href=\"http:\/\/lexpertjournal.net\/fr\/?author=5\"><img loading=\"lazy\" decoding=\"async\" alt=\"\" src=\"http:\/\/0.gravatar.com\/avatar\/97f8e10a1c1125ba104a76514ee07b16?s=150&amp;d=mm&amp;r=g\" srcset=\"http:\/\/0.gravatar.com\/avatar\/97f8e10a1c1125ba104a76514ee07b16?s=300&amp;d=mm&amp;r=g 2x\" class=\"avatar avatar-150 photo\" height=\"150\" width=\"150\"\/><\/a><\/div>\n<\/div>\n<\/div>\n<aside class=\"mashsb-container mashsb-main mashsb-stretched\">\n<\/aside>\n<p>Auteur: L&rsquo;expert<br \/>\n<a href=\"http:\/\/lexpertjournal.net\/fr\/?p=14759\">Cliquez ici pour lire l&rsquo;article depuis sa source.<\/a><\/p>\n","protected":false},"excerpt":{"rendered":"<p>\u00ab Nous ne pouvons d\u00e9cider de la date de r\u00e9ouverture des \u00e9tablissements touristiques qu\u2019apr\u00e8s l\u2019annonce, le 18 mai 2020, des r\u00e9sultats de la premi\u00e8re phase du confinement sanitaire cibl\u00e9 par le comit\u00e9 scientifique pour la lutte contre le covid-19 et que sur d\u00e9cision de ce dernier \u00bb, a indiqu\u00e9, vendredi, le ministre du tourisme et [&hellip;]<\/p>\n","protected":false},"author":1775,"featured_media":0,"comment_status":"closed","ping_status":"closed","sticky":false,"template":"","format":"standard","meta":{"fifu_image_url":"","fifu_image_alt":"","footnotes":""},"categories":[78,55],"tags":[],"class_list":["post-85655","post","type-post","status-publish","format-standard","hentry","category-economie","category-tunisie"],"_links":{"self":[{"href":"https:\/\/linitiative.ca\/International\/wp-json\/wp\/v2\/posts\/85655","targetHints":{"allow":["GET"]}}],"collection":[{"href":"https:\/\/linitiative.ca\/International\/wp-json\/wp\/v2\/posts"}],"about":[{"href":"https:\/\/linitiative.ca\/International\/wp-json\/wp\/v2\/types\/post"}],"author":[{"embeddable":true,"href":"https:\/\/linitiative.ca\/International\/wp-json\/wp\/v2\/users\/1775"}],"replies":[{"embeddable":true,"href":"https:\/\/linitiative.ca\/International\/wp-json\/wp\/v2\/comments?post=85655"}],"version-history":[{"count":0,"href":"https:\/\/linitiative.ca\/International\/wp-json\/wp\/v2\/posts\/85655\/revisions"}],"wp:attachment":[{"href":"https:\/\/linitiative.ca\/International\/wp-json\/wp\/v2\/media?parent=85655"}],"wp:term":[{"taxonomy":"category","embeddable":true,"href":"https:\/\/linitiative.ca\/International\/wp-json\/wp\/v2\/categories?post=85655"},{"taxonomy":"post_tag","embeddable":true,"href":"https:\/\/linitiative.ca\/International\/wp-json\/wp\/v2\/tags?post=85655"}],"curies":[{"name":"wp","href":"https:\/\/api.w.org\/{rel}","templated":true}]}}