{"id":85670,"date":"2020-05-16T13:49:22","date_gmt":"2020-05-16T17:49:22","guid":{"rendered":"https:\/\/linitiative.ca\/International\/sept-nouvelles-remissions-au-chu-mohammed-vi-342-au-total\/"},"modified":"2020-05-16T13:49:22","modified_gmt":"2020-05-16T17:49:22","slug":"sept-nouvelles-remissions-au-chu-mohammed-vi-342-au-total","status":"publish","type":"post","link":"https:\/\/linitiative.ca\/International\/sept-nouvelles-remissions-au-chu-mohammed-vi-342-au-total\/","title":{"rendered":"Sept nouvelles r\u00e9missions au CHU Mohammed VI, 342 au total"},"content":{"rendered":"<div class=\"single-featured\"><img alt=\"\" data-src=\"http:\/\/www.mapmarrakech.ma\/map\/uploads\/2020\/05\/gu&#xE9;risons-Marrakech-copier-4.jpg\"\/><\/div>\n<div class=\"single-post-excerpt post-excerpt-bc\" readability=\"35\">\n<p>Marrakech \u2013 Sept patients compl\u00e8tement gu\u00e9ris du nouveau coronavirus (Covid-19) ont quitt\u00e9, samedi, le Centre Hospitalier Universitaire (CHU) Mohammed VI de Marrakech.<\/p>\n<\/div>\n<div class=\"entry-content clearfix single-post-content\" readability=\"64\">\n<p>Il s\u2019agit de cinq femmes et deux hommes, \u00e2g\u00e9s entre 19 et 74 ans, d\u00e9finitivement gu\u00e9ris apr\u00e8s que les tests m\u00e9dicaux et cliniques effectu\u00e9s se sont r\u00e9v\u00e9l\u00e9s n\u00e9gatifs.<\/p>\n<p>Ainsi, ces nouvelles r\u00e9missions portent \u00e0 342 le nombre total des patients ayant quitt\u00e9 cet \u00e9tablissement hospitalier apr\u00e8s la confirmation de leur gu\u00e9rison totale.<\/p>\n<p>Dans une d\u00e9claration \u00e0 la MAP, le coordinateur g\u00e9n\u00e9ral du Covid-19 au CHU Mohammed VI, Dr. Takoui Abdelmajid, a indiqu\u00e9 que la dur\u00e9e d\u2019hospitalisation des cas gu\u00e9ris se situait entre 17 et 24 jours, notant que ces patients sont asymptomatiques et ne souffraient d\u2019aucune complication ou de maladie chronique.<\/p>\n<p>Il a, ainsi, expliqu\u00e9 l\u2019augmentation du taux des gu\u00e9risons par la disponibilit\u00e9 des tests n\u00e9cessaires au laboratoire de microbiologie relevant du CHU Mohammed VI de Marrakech, la rapidit\u00e9 et l\u2019efficacit\u00e9 de la prise en charge m\u00e9dicale, le d\u00e9pistage pr\u00e9coce des personnes contacts et la prise de conscience des citoyens quant aux dangers de cette pand\u00e9mie.<\/p>\n<p>A cette occasion, il a mis en avant l\u2019engagement inconditionnel des cadres m\u00e9dicaux, para-m\u00e9dicaux, techniques et administratifs qui sont mobilis\u00e9s pour prendre en charge les patients atteints du coronavirus.<\/p>\n<\/div>\n<p>Auteur: Meriem IGASS<br \/>\n<a href=\"http:\/\/www.mapmarrakech.ma\/fr\/sept-nouvelles-remissions-au-chu-mohammed-vi-342-au-total\/\">Cliquez ici pour lire l&rsquo;article depuis sa source.<\/a><\/p>\n","protected":false},"excerpt":{"rendered":"<p>Marrakech \u2013 Sept patients compl\u00e8tement gu\u00e9ris du nouveau coronavirus (Covid-19) ont quitt\u00e9, samedi, le Centre Hospitalier Universitaire (CHU) Mohammed VI de Marrakech. Il s\u2019agit de cinq femmes et deux hommes, \u00e2g\u00e9s entre 19 et 74 ans, d\u00e9finitivement gu\u00e9ris apr\u00e8s que les tests m\u00e9dicaux et cliniques effectu\u00e9s se sont r\u00e9v\u00e9l\u00e9s n\u00e9gatifs. Ainsi, ces nouvelles r\u00e9missions portent [&hellip;]<\/p>\n","protected":false},"author":1788,"featured_media":85671,"comment_status":"closed","ping_status":"closed","sticky":false,"template":"","format":"standard","meta":{"fifu_image_url":"","fifu_image_alt":"","footnotes":""},"categories":[54,76],"tags":[],"class_list":["post-85670","post","type-post","status-publish","format-standard","has-post-thumbnail","hentry","category-maroc","category-regions"],"_links":{"self":[{"href":"https:\/\/linitiative.ca\/International\/wp-json\/wp\/v2\/posts\/85670","targetHints":{"allow":["GET"]}}],"collection":[{"href":"https:\/\/linitiative.ca\/International\/wp-json\/wp\/v2\/posts"}],"about":[{"href":"https:\/\/linitiative.ca\/International\/wp-json\/wp\/v2\/types\/post"}],"author":[{"embeddable":true,"href":"https:\/\/linitiative.ca\/International\/wp-json\/wp\/v2\/users\/1788"}],"replies":[{"embeddable":true,"href":"https:\/\/linitiative.ca\/International\/wp-json\/wp\/v2\/comments?post=85670"}],"version-history":[{"count":0,"href":"https:\/\/linitiative.ca\/International\/wp-json\/wp\/v2\/posts\/85670\/revisions"}],"wp:featuredmedia":[{"embeddable":true,"href":"https:\/\/linitiative.ca\/International\/wp-json\/"}],"wp:attachment":[{"href":"https:\/\/linitiative.ca\/International\/wp-json\/wp\/v2\/media?parent=85670"}],"wp:term":[{"taxonomy":"category","embeddable":true,"href":"https:\/\/linitiative.ca\/International\/wp-json\/wp\/v2\/categories?post=85670"},{"taxonomy":"post_tag","embeddable":true,"href":"https:\/\/linitiative.ca\/International\/wp-json\/wp\/v2\/tags?post=85670"}],"curies":[{"name":"wp","href":"https:\/\/api.w.org\/{rel}","templated":true}]}}