{"id":85672,"date":"2020-05-16T10:24:36","date_gmt":"2020-05-16T14:24:36","guid":{"rendered":"https:\/\/linitiative.ca\/International\/laghouat-des-kits-solaires-au-profit-de-la-population-des-zones-dombre-de-la-commune-del-ghicha\/"},"modified":"2020-05-16T10:24:36","modified_gmt":"2020-05-16T14:24:36","slug":"laghouat-des-kits-solaires-au-profit-de-la-population-des-zones-dombre-de-la-commune-del-ghicha","status":"publish","type":"post","link":"https:\/\/linitiative.ca\/International\/laghouat-des-kits-solaires-au-profit-de-la-population-des-zones-dombre-de-la-commune-del-ghicha\/","title":{"rendered":"Laghouat: des kits solaires au profit de la population des zones d&rsquo;ombre de la commune d&rsquo;El-Ghicha"},"content":{"rendered":"<p><span class=\"sp-nh-title\">Coronavirus: 19 d\u00e9c\u00e8s parmi le personnel m\u00e9dical et param\u00e9dical<\/span> &#8211; <span class=\"sp-nh-date\">samedi 16 mai 2020 18:53<\/span><\/p>\n<p><span class=\"sp-nh-title\">Vivre-ensemble en paix refl\u00e8te les valeurs de dialogue et de bon voisinage v\u00e9hicul\u00e9 par la politique alg\u00e9rienne \u00a0<\/span> &#8211; <span class=\"sp-nh-date\">samedi 16 mai 2020 18:40<\/span><\/p>\n<p><span class=\"sp-nh-title\">Le Pr\u00e9sident Tebboune pr\u00e9side une r\u00e9union du Haut Conseil de S\u00e9curit\u00e9 consacr\u00e9e \u00e0 la pand\u00e9mie du COVID-19<\/span> &#8211; <span class=\"sp-nh-date\">samedi 16 mai 2020 18:18<\/span><\/p>\n<p><span class=\"sp-nh-title\">PLFC 2020: r\u00e9vision du cadrage macro\u00e9conomique du fait de la crise<\/span> &#8211; <span class=\"sp-nh-date\">samedi 16 mai 2020 18:00<\/span><\/p>\n<p><span class=\"sp-nh-title\">Tizi-Ouzou: le confinement, une opportunit\u00e9 pour l&rsquo;apprentissage du vivre ensemble<\/span> &#8211; <span class=\"sp-nh-date\">samedi 16 mai 2020 17:53<\/span><\/p>\n<p><span class=\"sp-nh-title\">Covid19: le port de masque deviendra obligatoire une fois disponible en quantit\u00e9 suffisante<\/span> &#8211; <span class=\"sp-nh-date\">samedi 16 mai 2020 17:43<\/span><\/p>\n<p><span class=\"sp-nh-title\">Journ\u00e9e du Vivre-ensemble en paix: une opportunit\u00e9 pour consacrer les valeurs universelles de solidarit\u00e9 contre l\u2019\u00e9pid\u00e9mie de Covid-19<\/span> &#8211; <span class=\"sp-nh-date\">samedi 16 mai 2020 17:41<\/span><\/p>\n<p><span class=\"sp-nh-title\">A\u00efd El-Fitr: la Commission de la fatwa appelle \u00e0 \u00e9viter les visites familiales<\/span> &#8211; <span class=\"sp-nh-date\">samedi 16 mai 2020 17:35<\/span><\/p>\n<p><span class=\"sp-nh-title\">L&rsquo;ONU appel\u00e9e \u00e0 intervenir pour la lib\u00e9ration des prisonniers sahraouis d\u00e9tenus au Maroc<\/span> &#8211; <span class=\"sp-nh-date\">samedi 16 mai 2020 17:22<\/span><\/p>\n<p><span class=\"sp-nh-title\">Augmentation des taxes sur les produits p\u00e9troliers et sur la commercialisation de v\u00e9hicules neufs<\/span> &#8211; <span class=\"sp-nh-date\">samedi 16 mai 2020 16:52<\/span><\/p>\n<p><span class=\"sp-nh-title\">Covid19: 192 nouveaux cas, 138 gu\u00e9risons et 6 d\u00e9c\u00e8s en Alg\u00e9rie durant les derni\u00e8res 24h<\/span> &#8211; <span class=\"sp-nh-date\">samedi 16 mai 2020 16:48<\/span><\/p>\n<p><span class=\"sp-nh-title\">Rezig: les \u00e9tablissements de formation soumis aux mesures de lutte contre Covid19<\/span> &#8211; <span class=\"sp-nh-date\">samedi 16 mai 2020 16:33<\/span><\/p>\n<p><span class=\"sp-nh-title\">La Finance islamique, un moyen efficace pour capter l&rsquo;argent de l&rsquo;\u00e9conomie parall\u00e8le<\/span> &#8211; <span class=\"sp-nh-date\">samedi 16 mai 2020 16:24<\/span><\/p>\n<p><span class=\"sp-nh-title\">D\u00e9c\u00e8s de Wafa Boudissa: les raisons pour lesquelles la d\u00e9funte exer\u00e7ait sont inconnues<\/span> &#8211; <span class=\"sp-nh-date\">samedi 16 mai 2020 16:13<\/span><\/p>\n<p><span class=\"sp-nh-title\">Sahara occidental: le Polisario appelle l&rsquo;ONU \u00e0 assumer ses responsabilit\u00e9s<\/span> &#8211; <span class=\"sp-nh-date\">samedi 16 mai 2020 15:50<\/span><\/p>\n<p><span class=\"sp-nh-title\">Journ\u00e9e du vivre-ensemble en paix: unis dans la diff\u00e9rence et la diversit\u00e9<\/span> &#8211; <span class=\"sp-nh-date\">samedi 16 mai 2020 15:36<\/span><\/p>\n<p><span class=\"sp-nh-title\">D\u00e9c\u00e8s d&rsquo;un m\u00e9decin du Covid-19: le pr\u00e9sident de la R\u00e9publique pr\u00e9sente ses condol\u00e9ances<\/span> &#8211; <span class=\"sp-nh-date\">samedi 16 mai 2020 15:25<\/span><\/p>\n<p><span class=\"sp-nh-title\">Laghouat: des kits solaires au profit de la population des zones d&rsquo;ombre de la commune d&rsquo;El-Ghicha<\/span> &#8211; <span class=\"sp-nh-date\">samedi 16 mai 2020 15:24<\/span><\/p>\n<p><span class=\"sp-nh-title\">Le Premier ministre pr\u00e9sente ses condol\u00e9ances \u00e0 la famille de la d\u00e9funte docteur Wafa Boudissa<\/span> &#8211; <span class=\"sp-nh-date\">samedi 16 mai 2020 15:23<\/span><\/p>\n<p><span class=\"sp-nh-title\">Football: la CAF proc\u00e8de au versement des primes aux clubs<\/span> &#8211; <span class=\"sp-nh-date\">samedi 16 mai 2020 15:02<\/span><\/p>\n<p>Auteur:<br \/>\n<a href=\"http:\/\/www.aps.dz\/regions\/105107-laghouat-des-kits-solaires-au-profit-de-la-population-des-zones-d-ombre-de-la-commune-d-el-ghicha\">Cliquez ici pour lire l&rsquo;article depuis sa source.<\/a><\/p>\n","protected":false},"excerpt":{"rendered":"<p>Coronavirus: 19 d\u00e9c\u00e8s parmi le personnel m\u00e9dical et param\u00e9dical &#8211; samedi 16 mai 2020 18:53 Vivre-ensemble en paix refl\u00e8te les valeurs de dialogue et de bon voisinage v\u00e9hicul\u00e9 par la politique alg\u00e9rienne \u00a0 &#8211; samedi 16 mai 2020 18:40 Le Pr\u00e9sident Tebboune pr\u00e9side une r\u00e9union du Haut Conseil de S\u00e9curit\u00e9 consacr\u00e9e \u00e0 la pand\u00e9mie du [&hellip;]<\/p>\n","protected":false},"author":1790,"featured_media":0,"comment_status":"closed","ping_status":"closed","sticky":false,"template":"","format":"standard","meta":{"fifu_image_url":"","fifu_image_alt":"","footnotes":""},"categories":[53,76],"tags":[],"class_list":["post-85672","post","type-post","status-publish","format-standard","hentry","category-algerie","category-regions"],"_links":{"self":[{"href":"https:\/\/linitiative.ca\/International\/wp-json\/wp\/v2\/posts\/85672","targetHints":{"allow":["GET"]}}],"collection":[{"href":"https:\/\/linitiative.ca\/International\/wp-json\/wp\/v2\/posts"}],"about":[{"href":"https:\/\/linitiative.ca\/International\/wp-json\/wp\/v2\/types\/post"}],"author":[{"embeddable":true,"href":"https:\/\/linitiative.ca\/International\/wp-json\/wp\/v2\/users\/1790"}],"replies":[{"embeddable":true,"href":"https:\/\/linitiative.ca\/International\/wp-json\/wp\/v2\/comments?post=85672"}],"version-history":[{"count":0,"href":"https:\/\/linitiative.ca\/International\/wp-json\/wp\/v2\/posts\/85672\/revisions"}],"wp:attachment":[{"href":"https:\/\/linitiative.ca\/International\/wp-json\/wp\/v2\/media?parent=85672"}],"wp:term":[{"taxonomy":"category","embeddable":true,"href":"https:\/\/linitiative.ca\/International\/wp-json\/wp\/v2\/categories?post=85672"},{"taxonomy":"post_tag","embeddable":true,"href":"https:\/\/linitiative.ca\/International\/wp-json\/wp\/v2\/tags?post=85672"}],"curies":[{"name":"wp","href":"https:\/\/api.w.org\/{rel}","templated":true}]}}