{"id":85673,"date":"2020-05-16T12:53:55","date_gmt":"2020-05-16T16:53:55","guid":{"rendered":"https:\/\/linitiative.ca\/International\/tizi-ouzou-le-confinement-une-opportunite-pour-lapprentissage-du-vivre-ensemble\/"},"modified":"2020-05-16T12:53:55","modified_gmt":"2020-05-16T16:53:55","slug":"tizi-ouzou-le-confinement-une-opportunite-pour-lapprentissage-du-vivre-ensemble","status":"publish","type":"post","link":"https:\/\/linitiative.ca\/International\/tizi-ouzou-le-confinement-une-opportunite-pour-lapprentissage-du-vivre-ensemble\/","title":{"rendered":"Tizi-Ouzou: le confinement, \u00ab\u00a0une opportunit\u00e9\u00a0\u00bb pour l&rsquo;apprentissage du vivre ensemble"},"content":{"rendered":"<div readability=\"37\">\n<p><strong>TIZI-OUZOU &#8211; La situation de confinement qu&rsquo;implique la crise sanitaire actuelle peut constituer \u00ab\u00a0une opportunit\u00e9 favorable \u00e0 l&rsquo;apprentissage du vivre ensemble\u00a0\u00bb a consid\u00e9r\u00e9 samedi, Nassima Hadda, enseignante-chercheur au d\u00e9partement de psychologie de l&rsquo;Universit\u00e9 Mouloud Mammeri de Tizi-Ouzou (UMMTO).<\/strong><\/p>\n<\/div>\n<div readability=\"80.613295500608\">\n<p>D\u00e9clinant deux r\u00e9alit\u00e9s du vivre ensemble, l&rsquo;une par le lien, \u00ab\u00a0n&rsquo;exigeant pas de pr\u00e9sence et pouvant se passer de r\u00e9alit\u00e9 externe, et l&rsquo;autre, dans le r\u00e9el, supposant une pr\u00e9sence et un v\u00e9cu partag\u00e9\u00a0\u00bb, l&rsquo;universitaire a estim\u00e9 que cette p\u00e9riode de confinement \u00ab\u00a0offre une opportunit\u00e9 favorable \u00e0 l&rsquo;apprentissage du vivre ensemble dans le r\u00e9el, au sein de la famille, qui est la structure de base de la soci\u00e9t\u00e9\u00a0\u00bb.<\/p>\n<blockquote readability=\"18\">\n<p><em><strong>Du fait de leur confinement, explique-t-elle, \u00ab\u00a0les gens se retrouvent en famille, et cette pr\u00e9sence, n&rsquo;est pas forc\u00e9ment sans anicroches, du fait de beaucoup de facteurs, tels l&rsquo;exig\u00fcit\u00e9 de l&rsquo;espace social, la perte des habitudes, ce qui peut nourrir des tensions, mais aussi, l&rsquo;occasion d&rsquo;un apprentissage du vivre ensemble \u00e0 travers un travail int\u00e9rieur sur soi et sur les relations entre les membres de la famille\u00a0\u00bb.<\/strong><\/em><\/p>\n<\/blockquote>\n<p>Un apprentissage, souligne-t-elle, \u00ab\u00a0qui ne sera pas sans difficult\u00e9s au vu des dispositions et cumuls socio-psychologiques de chaque individu pris en tant qu&rsquo;\u00eatre social qui doit composer avec la perte d&rsquo;une partie de ses habitudes et de sa libert\u00e9\u00a0\u00bb.<\/p>\n<hr\/>\n<h3>Lire aussi:\u00a0<a href=\"http:\/\/www.aps.dz\/societe\/105120-journee-du-vivre-ensemble-en-paix-une-opportunite-pour-consacrer-les-valeurs-universelles-de-solidarite-contre-l-epidemie-de-covid-19\" target=\"_blank\" rel=\"noopener noreferrer\">Journ\u00e9e du Vivre-ensemble en paix: une opportunit\u00e9 pour consacrer les valeurs universelles de solidarit\u00e9 contre l\u2019\u00e9pid\u00e9mie de Covid-19<\/a><\/h3>\n<hr\/>\n<p>Sur un autre plan, l&rsquo;\u00e9lan de solidarit\u00e9 observ\u00e9 \u00e0 travers la wilaya \u00e0 la faveur de cette crise sanitaire de coronavirus illustre l&rsquo;aspiration et l&rsquo;esprit du vivre ensemble en paix qui anime les populations locales et qui est \u00ab\u00a0puis\u00e9 dans le fond culturel et historique de la r\u00e9gion\u00a0\u00bb, estim\u00e9 l&rsquo;anthropologue Kenzi Azzedine, de la m\u00eame Universit\u00e9.<\/p>\n<blockquote readability=\"11\">\n<p><em><strong>Cette solidarit\u00e9 s&rsquo;est mise en branle d\u00e8s la mise en oeuvre des mesures de confinement, dans un premier temps, \u00e0 travers la mobilisation de tout le monde pour organiser et assurer la bonne marche et l&rsquo;application de cette mesure au niveau des espaces d&rsquo;habitation, notamment, les villages.<\/strong><\/em><\/p>\n<\/blockquote>\n<p>Elle s&rsquo;est ensuite transform\u00e9e en un \u00e9lan de solidarit\u00e9 au profit des personnes affect\u00e9es par celle-ci, notamment par la distribution de vivre et l&rsquo;organisation de collectes et autres actions collectives. Pouvoirs publics, collectivit\u00e9s locales, mouvement associatif et bienfaiteurs anonymes, chacun y est all\u00e9 de son aide.<\/p>\n<p>Une aspiration que refl\u00e8te, \u00e9galement, les innombrables manifestations culturelles, artistiques et d&rsquo;autres nature organis\u00e9es \u00e0 travers la wilaya et qui offrent un espace de convivialit\u00e9, de solidarit\u00e9 et de socialisation.<\/p>\n<\/div>\n<p>Auteur:<br \/>\n<a href=\"http:\/\/www.aps.dz\/regions\/105122-tizi-ouzou-le-confinement-une-opportunite-pour-l-apprentissage-du-vivre-ensemble\">Cliquez ici pour lire l&rsquo;article depuis sa source.<\/a><\/p>\n","protected":false},"excerpt":{"rendered":"<p>TIZI-OUZOU &#8211; La situation de confinement qu&rsquo;implique la crise sanitaire actuelle peut constituer \u00ab\u00a0une opportunit\u00e9 favorable \u00e0 l&rsquo;apprentissage du vivre ensemble\u00a0\u00bb a consid\u00e9r\u00e9 samedi, Nassima Hadda, enseignante-chercheur au d\u00e9partement de psychologie de l&rsquo;Universit\u00e9 Mouloud Mammeri de Tizi-Ouzou (UMMTO). D\u00e9clinant deux r\u00e9alit\u00e9s du vivre ensemble, l&rsquo;une par le lien, \u00ab\u00a0n&rsquo;exigeant pas de pr\u00e9sence et pouvant se [&hellip;]<\/p>\n","protected":false},"author":1790,"featured_media":0,"comment_status":"closed","ping_status":"closed","sticky":false,"template":"","format":"standard","meta":{"fifu_image_url":"","fifu_image_alt":"","footnotes":""},"categories":[53,76],"tags":[],"class_list":["post-85673","post","type-post","status-publish","format-standard","hentry","category-algerie","category-regions"],"_links":{"self":[{"href":"https:\/\/linitiative.ca\/International\/wp-json\/wp\/v2\/posts\/85673","targetHints":{"allow":["GET"]}}],"collection":[{"href":"https:\/\/linitiative.ca\/International\/wp-json\/wp\/v2\/posts"}],"about":[{"href":"https:\/\/linitiative.ca\/International\/wp-json\/wp\/v2\/types\/post"}],"author":[{"embeddable":true,"href":"https:\/\/linitiative.ca\/International\/wp-json\/wp\/v2\/users\/1790"}],"replies":[{"embeddable":true,"href":"https:\/\/linitiative.ca\/International\/wp-json\/wp\/v2\/comments?post=85673"}],"version-history":[{"count":0,"href":"https:\/\/linitiative.ca\/International\/wp-json\/wp\/v2\/posts\/85673\/revisions"}],"wp:attachment":[{"href":"https:\/\/linitiative.ca\/International\/wp-json\/wp\/v2\/media?parent=85673"}],"wp:term":[{"taxonomy":"category","embeddable":true,"href":"https:\/\/linitiative.ca\/International\/wp-json\/wp\/v2\/categories?post=85673"},{"taxonomy":"post_tag","embeddable":true,"href":"https:\/\/linitiative.ca\/International\/wp-json\/wp\/v2\/tags?post=85673"}],"curies":[{"name":"wp","href":"https:\/\/api.w.org\/{rel}","templated":true}]}}