{"id":85674,"date":"2020-05-16T13:09:10","date_gmt":"2020-05-16T17:09:10","guid":{"rendered":"https:\/\/linitiative.ca\/International\/coronavirus-89-nouveaux-cas-confirmes-au-maroc\/"},"modified":"2020-05-16T13:09:10","modified_gmt":"2020-05-16T17:09:10","slug":"coronavirus-89-nouveaux-cas-confirmes-au-maroc","status":"publish","type":"post","link":"https:\/\/linitiative.ca\/International\/coronavirus-89-nouveaux-cas-confirmes-au-maroc\/","title":{"rendered":"Coronavirus : 89 nouveaux cas confirm\u00e9s au Maroc"},"content":{"rendered":"<p class=\"c4\">Quatre-vingt neuf (89) nouveaux cas d\u2019infection au Covid-19 ont \u00e9t\u00e9 confirm\u00e9s pendant les derni\u00e8res 24 heures, portant \u00e0 6.741 le nombre total des contaminations au Maroc, a annonc\u00e9 samedi le minist\u00e8re de la Sant\u00e9.<\/p>\n<p class=\"c4\">Deux d\u00e9c\u00e8s ont \u00e9t\u00e9 recens\u00e9s pendant les derni\u00e8res 24 heures, ce qui porte \u00e0 192 le nombre de personnes d\u00e9c\u00e9d\u00e9es \u00e0 cause de la maladie, a indiqu\u00e9 le directeur de l\u2019\u00e9pid\u00e9miologie et de lutte contre les maladies au minist\u00e8re de la Sant\u00e9, Mohamed El Youbi, dans une d\u00e9claration retransmise par la MAP sur sa cha\u00eene de t\u00e9l\u00e9vision M24 et sur RIM RADIO.<\/p>\n<p class=\"c4\">Le taux de l\u00e9talit\u00e9, soit le pourcentage de d\u00e9c\u00e8s dus au virus parmi l\u2019ensemble des cas confirm\u00e9s, a accus\u00e9 une baisse pour se situer \u00e0 2,8%, a-t-il pr\u00e9cis\u00e9.<\/p>\n<p class=\"c4\">Le nombre de personnes d\u00e9clar\u00e9es gu\u00e9ries s\u2019est \u00e9lev\u00e9, jusqu\u2019\u00e0 samedi \u00e0 16H00, \u00e0 3487, avec 87 nouvelles r\u00e9missions, a-t-il fait savoir, ajoutant que le taux de r\u00e9mission a encore augment\u00e9 pour atteindre aujourd\u2019hui 51,7%.<\/p>\n<p class=\"c4\">Le nombre total des cas exclus a atteint 78.263 depuis le d\u00e9but de la pand\u00e9mie apr\u00e8s les analyses n\u00e9gatives de 3.299 cas au cours des derni\u00e8res 24 heures, a poursuivi M. El Youbi.<\/p>\n<p class=\"c4\">Il a, \u00e0 cet \u00e9gard, relev\u00e9 que la majorit\u00e9 des nouveaux cas ont \u00e9t\u00e9 d\u00e9tect\u00e9s gr\u00e2ce au suivi m\u00e9dical des personnes-contacts avec un taux de 86%, sachant que 37.417 contacts ont \u00e9t\u00e9 suivis depuis le d\u00e9but de l\u2019\u00e9pid\u00e9mie.<\/p>\n<p class=\"c4\">D\u2019un point de vue g\u00e9ographique, la r\u00e9gion du Casablanca-Settat compte toujours le plus grand nombre de cas confirm\u00e9s (29%), suivie de Marrakech-Safi, Tanger-T\u00e9touan-Al Hoceima, F\u00e8s-Mekn\u00e8s, Rabat-Sal\u00e9-K\u00e9nitra et Draa-Tafilalet.<\/p>\n<p class=\"c4\">Il a relev\u00e9 qu\u2019aucun cas de contamination n\u2019a \u00e9t\u00e9 recens\u00e9 dans les r\u00e9gions de Rabat-Sal\u00e9-K\u00e9nitra, Souss-Massa, Dakhla-Oued Eddahab, La\u00e2youne-Sakia El Hamra, et Guelmim-Oued Noun.<\/p>\n<p class=\"c4\">Sur le m\u00eame registre, le responsable a relev\u00e9 que les hommes sont plus touch\u00e9s par le Covid-19 que les femmes (taux de +1,4%), pr\u00e9cisant que les personnes \u00e2g\u00e9es entre 25-40 ans et 40-65 ans sont les plus affect\u00e9es avec respectivement 34,5 % et 33,7 %. Selon lui, 61% des nouveaux cas de ces derniers jours sont asymptomatiques.<\/p>\n<p>Auteur: Soufiane ELAHMAR<br \/>\n<a href=\"http:\/\/www.mapoujda.ma\/fr\/coronavirus-89-nouveaux-cas-confirmes-au-maroc\/\">Cliquez ici pour lire l&rsquo;article depuis sa source.<\/a><\/p>\n","protected":false},"excerpt":{"rendered":"<p>Quatre-vingt neuf (89) nouveaux cas d\u2019infection au Covid-19 ont \u00e9t\u00e9 confirm\u00e9s pendant les derni\u00e8res 24 heures, portant \u00e0 6.741 le nombre total des contaminations au Maroc, a annonc\u00e9 samedi le minist\u00e8re de la Sant\u00e9. Deux d\u00e9c\u00e8s ont \u00e9t\u00e9 recens\u00e9s pendant les derni\u00e8res 24 heures, ce qui porte \u00e0 192 le nombre de personnes d\u00e9c\u00e9d\u00e9es \u00e0 [&hellip;]<\/p>\n","protected":false},"author":1788,"featured_media":0,"comment_status":"closed","ping_status":"closed","sticky":false,"template":"","format":"standard","meta":{"fifu_image_url":"","fifu_image_alt":"","footnotes":""},"categories":[54,76],"tags":[],"class_list":["post-85674","post","type-post","status-publish","format-standard","hentry","category-maroc","category-regions"],"_links":{"self":[{"href":"https:\/\/linitiative.ca\/International\/wp-json\/wp\/v2\/posts\/85674","targetHints":{"allow":["GET"]}}],"collection":[{"href":"https:\/\/linitiative.ca\/International\/wp-json\/wp\/v2\/posts"}],"about":[{"href":"https:\/\/linitiative.ca\/International\/wp-json\/wp\/v2\/types\/post"}],"author":[{"embeddable":true,"href":"https:\/\/linitiative.ca\/International\/wp-json\/wp\/v2\/users\/1788"}],"replies":[{"embeddable":true,"href":"https:\/\/linitiative.ca\/International\/wp-json\/wp\/v2\/comments?post=85674"}],"version-history":[{"count":0,"href":"https:\/\/linitiative.ca\/International\/wp-json\/wp\/v2\/posts\/85674\/revisions"}],"wp:attachment":[{"href":"https:\/\/linitiative.ca\/International\/wp-json\/wp\/v2\/media?parent=85674"}],"wp:term":[{"taxonomy":"category","embeddable":true,"href":"https:\/\/linitiative.ca\/International\/wp-json\/wp\/v2\/categories?post=85674"},{"taxonomy":"post_tag","embeddable":true,"href":"https:\/\/linitiative.ca\/International\/wp-json\/wp\/v2\/tags?post=85674"}],"curies":[{"name":"wp","href":"https:\/\/api.w.org\/{rel}","templated":true}]}}