{"id":85677,"date":"2020-05-16T15:13:09","date_gmt":"2020-05-16T19:13:09","guid":{"rendered":"https:\/\/linitiative.ca\/International\/international-as-monaco-fabregas-tres-critique-sur-la-reprise-de-la-bundesliga\/"},"modified":"2020-05-16T15:13:09","modified_gmt":"2020-05-16T19:13:09","slug":"international-as-monaco-fabregas-tres-critique-sur-la-reprise-de-la-bundesliga","status":"publish","type":"post","link":"https:\/\/linitiative.ca\/International\/international-as-monaco-fabregas-tres-critique-sur-la-reprise-de-la-bundesliga\/","title":{"rendered":"International : AS Monaco : Fabregas tr\u00e8s critique sur la reprise de la Bundesliga"},"content":{"rendered":"<div readability=\"32\">\n<p>Auteur : <span class=\"time\">samedi 16 mai 2020 17:25<\/span><\/p>\n<\/div>\n<div id=\"post_core\" readability=\"40\">\n<p>Par mesure de s\u00e9curit\u00e9, les rencontres ont red\u00e9marr\u00e9\u00a0en\u00a0huit clos, avec une ambiance diff\u00e9rente de la normale. Une diff\u00e9rence que Cesc Fabregas n&rsquo;a pas manqu\u00e9 de pointer\u00a0du doigt : \u00ab\u00a0J&rsquo;ai l&rsquo;impression de regarder une s\u00e9ance d&rsquo;entra\u00eenement. On peut entendre les joueurs et les entra\u00eeneurs crier. Maintenant nous r\u00e9alisons encore plus le pouvoir des fans\u00a0\u00bb a-t-il l\u00e2ch\u00e9 sur son compte Twitter.\u00a0Encore dans la critique, l&rsquo;ex-joueur de Chelsea a poursuivi son message par : \u00ab\u00a0Les capitaines choisissent leur camp avec trois m\u00e8tres de distance alors qu&rsquo;ils vont directement ensuite se battre entre eux pour chaque ballon ou face \u00e0 face\u00a0\u00bb. Source : Onzemondial.<\/p>\n<p><strong>Publi\u00e9 dans :<\/strong> <span>Bundesliga<\/span> <span>AS Monaco : Cesc Fabregas<\/span><\/p>\n<\/div>\n<p>Auteur:<br \/>\n<a href=\"http:\/\/www.lebuteur.com\/article\/detail?titre=as-monaco-fabregas-tres-critique-sur-la-reprise-de-la-bundesliga&#038;id=95942&#038;utm_source=feedburner&#038;utm_medium=feed&#038;utm_campaign=Feed%3A+GalerieFArtciles+%28Les+derniers+articles++-+lebuteur.com%29\">Cliquez ici pour lire l&rsquo;article depuis sa source.<\/a><\/p>\n","protected":false},"excerpt":{"rendered":"<p>Auteur : samedi 16 mai 2020 17:25 Par mesure de s\u00e9curit\u00e9, les rencontres ont red\u00e9marr\u00e9\u00a0en\u00a0huit clos, avec une ambiance diff\u00e9rente de la normale. Une diff\u00e9rence que Cesc Fabregas n&rsquo;a pas manqu\u00e9 de pointer\u00a0du doigt : \u00ab\u00a0J&rsquo;ai l&rsquo;impression de regarder une s\u00e9ance d&rsquo;entra\u00eenement. On peut entendre les joueurs et les entra\u00eeneurs crier. Maintenant nous r\u00e9alisons encore [&hellip;]<\/p>\n","protected":false},"author":1738,"featured_media":85678,"comment_status":"closed","ping_status":"closed","sticky":false,"template":"","format":"standard","meta":{"fifu_image_url":"","fifu_image_alt":"","footnotes":""},"categories":[53,75],"tags":[],"class_list":["post-85677","post","type-post","status-publish","format-standard","has-post-thumbnail","hentry","category-algerie","category-sport"],"_links":{"self":[{"href":"https:\/\/linitiative.ca\/International\/wp-json\/wp\/v2\/posts\/85677","targetHints":{"allow":["GET"]}}],"collection":[{"href":"https:\/\/linitiative.ca\/International\/wp-json\/wp\/v2\/posts"}],"about":[{"href":"https:\/\/linitiative.ca\/International\/wp-json\/wp\/v2\/types\/post"}],"author":[{"embeddable":true,"href":"https:\/\/linitiative.ca\/International\/wp-json\/wp\/v2\/users\/1738"}],"replies":[{"embeddable":true,"href":"https:\/\/linitiative.ca\/International\/wp-json\/wp\/v2\/comments?post=85677"}],"version-history":[{"count":0,"href":"https:\/\/linitiative.ca\/International\/wp-json\/wp\/v2\/posts\/85677\/revisions"}],"wp:featuredmedia":[{"embeddable":true,"href":"https:\/\/linitiative.ca\/International\/wp-json\/"}],"wp:attachment":[{"href":"https:\/\/linitiative.ca\/International\/wp-json\/wp\/v2\/media?parent=85677"}],"wp:term":[{"taxonomy":"category","embeddable":true,"href":"https:\/\/linitiative.ca\/International\/wp-json\/wp\/v2\/categories?post=85677"},{"taxonomy":"post_tag","embeddable":true,"href":"https:\/\/linitiative.ca\/International\/wp-json\/wp\/v2\/tags?post=85677"}],"curies":[{"name":"wp","href":"https:\/\/api.w.org\/{rel}","templated":true}]}}