{"id":85679,"date":"2020-05-16T15:13:11","date_gmt":"2020-05-16T19:13:11","guid":{"rendered":"https:\/\/linitiative.ca\/International\/pros-bensebaini-buteur-et-passeur-decisif-face-a-leintracht-francfort-video\/"},"modified":"2020-05-16T15:13:11","modified_gmt":"2020-05-16T19:13:11","slug":"pros-bensebaini-buteur-et-passeur-decisif-face-a-leintracht-francfort-video","status":"publish","type":"post","link":"https:\/\/linitiative.ca\/International\/pros-bensebaini-buteur-et-passeur-decisif-face-a-leintracht-francfort-video\/","title":{"rendered":"Pros : Bensebaini buteur et passeur d\u00e9cisif face \u00e0 l\u2019Eintracht Francfort (Vid\u00e9o)"},"content":{"rendered":"<div readability=\"32\">\n<p>Auteur : <span class=\"time\">samedi 16 mai 2020 18:27<\/span><\/p>\n<\/div>\n<div id=\"post_core\" readability=\"41\">\n<p>Align\u00e9 d\u2019entr\u00e9e de jeu aujourd\u2019hui face\u00e0 l\u2019Eintracht Francfort, le d\u00e9fenseur arri\u00e8re gauche Alg\u00e9rien du Borussia M\u00f6nchengladbach, Ramy Bensebaini s\u2019est illustr\u00e9 avec une passe d\u00e9cisive sur le deuxi\u00e8me but de son team inscrit par le fran\u00e7ais, Thuram. En seconde mi-temps, Bensebaini a sign\u00e9 le troisi\u00e8me but de son team sur penalty&#8230;<\/p>\n<p><iframe loading=\"lazy\" allow=\"accelerometer; autoplay; encrypted-media; gyroscope; picture-in-picture\" allowfullscreen=\"\" frameborder=\"0\" height=\"315\" src=\"https:\/\/www.youtube.com\/embed\/-A-BtkLhUAI\" width=\"560\">[embedded content]<\/iframe><\/p>\n<p><iframe loading=\"lazy\" allow=\"accelerometer; autoplay; encrypted-media; gyroscope; picture-in-picture\" allowfullscreen=\"\" frameborder=\"0\" height=\"315\" src=\"https:\/\/www.youtube.com\/embed\/5Ioyi6za2O0\" width=\"560\">[embedded content]<\/iframe><\/p>\n<p><strong>Publi\u00e9 dans :<\/strong> <span>Bensebaini<\/span><\/p>\n<\/div>\n<p>Auteur:<br \/>\n<a href=\"http:\/\/www.lebuteur.com\/article\/detail?titre=bensebaini-buteur-et-passeur-decisif-face-a-leintracht-francfort-video&#038;id=95943&#038;utm_source=feedburner&#038;utm_medium=feed&#038;utm_campaign=Feed%3A+GalerieFArtciles+%28Les+derniers+articles++-+lebuteur.com%29\">Cliquez ici pour lire l&rsquo;article depuis sa source.<\/a><\/p>\n","protected":false},"excerpt":{"rendered":"<p>Auteur : samedi 16 mai 2020 18:27 Align\u00e9 d\u2019entr\u00e9e de jeu aujourd\u2019hui face\u00e0 l\u2019Eintracht Francfort, le d\u00e9fenseur arri\u00e8re gauche Alg\u00e9rien du Borussia M\u00f6nchengladbach, Ramy Bensebaini s\u2019est illustr\u00e9 avec une passe d\u00e9cisive sur le deuxi\u00e8me but de son team inscrit par le fran\u00e7ais, Thuram. En seconde mi-temps, Bensebaini a sign\u00e9 le troisi\u00e8me but de son team [&hellip;]<\/p>\n","protected":false},"author":1738,"featured_media":85680,"comment_status":"closed","ping_status":"closed","sticky":false,"template":"","format":"standard","meta":{"fifu_image_url":"","fifu_image_alt":"","footnotes":""},"categories":[53,75],"tags":[],"class_list":["post-85679","post","type-post","status-publish","format-standard","has-post-thumbnail","hentry","category-algerie","category-sport"],"_links":{"self":[{"href":"https:\/\/linitiative.ca\/International\/wp-json\/wp\/v2\/posts\/85679","targetHints":{"allow":["GET"]}}],"collection":[{"href":"https:\/\/linitiative.ca\/International\/wp-json\/wp\/v2\/posts"}],"about":[{"href":"https:\/\/linitiative.ca\/International\/wp-json\/wp\/v2\/types\/post"}],"author":[{"embeddable":true,"href":"https:\/\/linitiative.ca\/International\/wp-json\/wp\/v2\/users\/1738"}],"replies":[{"embeddable":true,"href":"https:\/\/linitiative.ca\/International\/wp-json\/wp\/v2\/comments?post=85679"}],"version-history":[{"count":0,"href":"https:\/\/linitiative.ca\/International\/wp-json\/wp\/v2\/posts\/85679\/revisions"}],"wp:featuredmedia":[{"embeddable":true,"href":"https:\/\/linitiative.ca\/International\/wp-json\/"}],"wp:attachment":[{"href":"https:\/\/linitiative.ca\/International\/wp-json\/wp\/v2\/media?parent=85679"}],"wp:term":[{"taxonomy":"category","embeddable":true,"href":"https:\/\/linitiative.ca\/International\/wp-json\/wp\/v2\/categories?post=85679"},{"taxonomy":"post_tag","embeddable":true,"href":"https:\/\/linitiative.ca\/International\/wp-json\/wp\/v2\/tags?post=85679"}],"curies":[{"name":"wp","href":"https:\/\/api.w.org\/{rel}","templated":true}]}}