{"id":85681,"date":"2020-05-16T15:13:13","date_gmt":"2020-05-16T19:13:13","guid":{"rendered":"https:\/\/linitiative.ca\/International\/equipe-dalgerie-mahrez-sort-de-son-silence-et-reagit-a-la-polemique\/"},"modified":"2020-05-16T15:13:13","modified_gmt":"2020-05-16T19:13:13","slug":"equipe-dalgerie-mahrez-sort-de-son-silence-et-reagit-a-la-polemique","status":"publish","type":"post","link":"https:\/\/linitiative.ca\/International\/equipe-dalgerie-mahrez-sort-de-son-silence-et-reagit-a-la-polemique\/","title":{"rendered":"Equipe d&rsquo;Alg\u00e9rie : Mahrez sort de son silence et r\u00e9agit \u00e0 la pol\u00e9mique"},"content":{"rendered":"<div readability=\"32\">\n<p>Auteur : <span>Riad Ouenzar<\/span> <span class=\"time\">samedi 16 mai 2020 18:51<\/span><\/p>\n<\/div>\n<div id=\"post_core\" readability=\"43\">\n<p>Le capitaine de l\u2019EN, Ruyad Mahrez est sorti de son silence pour r\u00e9agir \u00e0 la pol\u00e9mique suscit\u00e9 par ses propos lors d\u2019un live sur instagram avec le journaliste de BeIN Sports, Smail Bouabdallah. En effet, les propos humoristiques du joueur de Manchester City ont d\u00e9clench\u00e9 une pol\u00e9mique au Maroc: \u00abCe sacre \u00e9tait pour nous, les Alg\u00e9riens. Je sais que quand joue l\u2019Alg\u00e9rie, les mecs ne sont pas avec nous. A part les Alg\u00e9riens. Tu crois que les Marocains \u00e9taient avec nous ? Les Marocains n\u2019\u00e9taient pas avec nous. Peut-\u00eatre un peu les Tunisiens, mais les Marocains n\u2019\u00e9taient pas avec nous ! Pourquoi ? Ce n\u2019est pas parce qu\u2019ils ne nous aiment pas. Mais c\u2019est parce qu\u2019on fait beaucoup de bruit. On crie trop. On parle trop !\u00bb avait t\u2019il d\u00e9clar\u00e9. Des propos qui ont provoqu\u00e9 de nombreuses r\u00e9actions chez les marocains. Mais Mahrez a tenu \u00e0 r\u00e9pondre aux critiques en ironisant\u00a0 sur le sujet. Suite \u00e0 une publication du journaliste Patrick Juillard sur Twitter, Mahrez lui a r\u00e9pondu\u00a0:\u00a0\u00abMerci Patrick aucune pol\u00e9mique m\u00eame\u2026 ma m\u00e8re est marocaine, on est ensemble Alg\u00e9rie \u2013 Maroc. Bon juste on pr\u00e9f\u00e8re quand c\u2019est nous gagnons et pas les autres.\u00bb a-t-il post\u00e9 sur son compte Twitter. Voila qui devrait mettre fin \u00e0 la pol\u00e9mique.<\/p>\n<p><strong>Publi\u00e9 dans :<\/strong> <span>Mahrez<\/span><\/p>\n<\/div>\n<p>Auteur:<br \/>\n<a href=\"http:\/\/www.lebuteur.com\/article\/detail?titre=mahrez-sort-de-son-silence-et-reagit-a-la-polemique&#038;id=95944&#038;utm_source=feedburner&#038;utm_medium=feed&#038;utm_campaign=Feed%3A+GalerieFArtciles+%28Les+derniers+articles++-+lebuteur.com%29\">Cliquez ici pour lire l&rsquo;article depuis sa source.<\/a><\/p>\n","protected":false},"excerpt":{"rendered":"<p>Auteur : Riad Ouenzar samedi 16 mai 2020 18:51 Le capitaine de l\u2019EN, Ruyad Mahrez est sorti de son silence pour r\u00e9agir \u00e0 la pol\u00e9mique suscit\u00e9 par ses propos lors d\u2019un live sur instagram avec le journaliste de BeIN Sports, Smail Bouabdallah. En effet, les propos humoristiques du joueur de Manchester City ont d\u00e9clench\u00e9 une [&hellip;]<\/p>\n","protected":false},"author":1738,"featured_media":85682,"comment_status":"closed","ping_status":"closed","sticky":false,"template":"","format":"standard","meta":{"fifu_image_url":"","fifu_image_alt":"","footnotes":""},"categories":[53,75],"tags":[],"class_list":["post-85681","post","type-post","status-publish","format-standard","has-post-thumbnail","hentry","category-algerie","category-sport"],"_links":{"self":[{"href":"https:\/\/linitiative.ca\/International\/wp-json\/wp\/v2\/posts\/85681","targetHints":{"allow":["GET"]}}],"collection":[{"href":"https:\/\/linitiative.ca\/International\/wp-json\/wp\/v2\/posts"}],"about":[{"href":"https:\/\/linitiative.ca\/International\/wp-json\/wp\/v2\/types\/post"}],"author":[{"embeddable":true,"href":"https:\/\/linitiative.ca\/International\/wp-json\/wp\/v2\/users\/1738"}],"replies":[{"embeddable":true,"href":"https:\/\/linitiative.ca\/International\/wp-json\/wp\/v2\/comments?post=85681"}],"version-history":[{"count":0,"href":"https:\/\/linitiative.ca\/International\/wp-json\/wp\/v2\/posts\/85681\/revisions"}],"wp:featuredmedia":[{"embeddable":true,"href":"https:\/\/linitiative.ca\/International\/wp-json\/"}],"wp:attachment":[{"href":"https:\/\/linitiative.ca\/International\/wp-json\/wp\/v2\/media?parent=85681"}],"wp:term":[{"taxonomy":"category","embeddable":true,"href":"https:\/\/linitiative.ca\/International\/wp-json\/wp\/v2\/categories?post=85681"},{"taxonomy":"post_tag","embeddable":true,"href":"https:\/\/linitiative.ca\/International\/wp-json\/wp\/v2\/tags?post=85681"}],"curies":[{"name":"wp","href":"https:\/\/api.w.org\/{rel}","templated":true}]}}