{"id":85683,"date":"2020-05-16T15:13:15","date_gmt":"2020-05-16T19:13:15","guid":{"rendered":"https:\/\/linitiative.ca\/International\/pros-mgladbach-quand-thuram-soublie-et-fait-la-bise-a-bensebaini\/"},"modified":"2020-05-16T15:13:15","modified_gmt":"2020-05-16T19:13:15","slug":"pros-mgladbach-quand-thuram-soublie-et-fait-la-bise-a-bensebaini","status":"publish","type":"post","link":"https:\/\/linitiative.ca\/International\/pros-mgladbach-quand-thuram-soublie-et-fait-la-bise-a-bensebaini\/","title":{"rendered":"Pros : M&rsquo;gladbach : Quand Thuram s&rsquo;oublie et fait la bise \u00e0 Bensebaini"},"content":{"rendered":"<div readability=\"32\">\n<p>Auteur : <span class=\"time\">samedi 16 mai 2020 19:07<\/span><\/p>\n<\/div>\n<div id=\"post_core\" readability=\"51\">\n<p>Sur son c\u00f4t\u00e9 gauche, Ramy Bensebaini a r\u00e9alis\u00e9 un joli encha\u00eenement avant de centrer fort \u00e0 ras de terre et Marcus Thuram a conclu de pr\u00e8s. Tout heureux d\u2019avoir fait trembler les filets pour cette grande reprise du championnat allemand, l\u2019attaquant pass\u00e9 par Guingamp s\u2019est lanc\u00e9 dans une c\u00e9l\u00e9bration inspir\u00e9e de Fortnite, avant de faire la bise au d\u00e9fenseur alg\u00e9rien comme l&rsquo;indique Football.<\/p>\n<p>Malheureusement, le geste de bonheur du fils de Lilian Thuram n\u2019est pass\u00e9 inaper\u00e7u\u2026 Pour rappel, la f\u00e9d\u00e9ration allemande a demand\u00e9 aux joueurs de Bundesliga de limiter les contacts apr\u00e8s les buts, en proposant notamment des checks du coude, ce qu\u2019ont fait par exemple les joueurs du Borussia Dortmund lors de leur victoire contre Schalke 04 (4-0), plus t\u00f4t dans l\u2019apr\u00e8s-midi.<\/p>\n<p>L\u2019attaquant de 22 ans devra probablement se montrer moins tactile au moment de f\u00eater ses prochains buts avec le Borussia M\u00f6nchengladbach \u00e0 l\u2019avenir.<\/p>\n<p><strong>Publi\u00e9 dans :<\/strong> <span>Thuram<\/span><\/p>\n<\/div>\n<p>Auteur:<br \/>\n<a href=\"http:\/\/www.lebuteur.com\/article\/detail?titre=mgladbach-quand-thuram-soublie-et-fait-la-bise-a-bensebaini&#038;id=95945&#038;utm_source=feedburner&#038;utm_medium=feed&#038;utm_campaign=Feed%3A+GalerieFArtciles+%28Les+derniers+articles++-+lebuteur.com%29\">Cliquez ici pour lire l&rsquo;article depuis sa source.<\/a><\/p>\n","protected":false},"excerpt":{"rendered":"<p>Auteur : samedi 16 mai 2020 19:07 Sur son c\u00f4t\u00e9 gauche, Ramy Bensebaini a r\u00e9alis\u00e9 un joli encha\u00eenement avant de centrer fort \u00e0 ras de terre et Marcus Thuram a conclu de pr\u00e8s. Tout heureux d\u2019avoir fait trembler les filets pour cette grande reprise du championnat allemand, l\u2019attaquant pass\u00e9 par Guingamp s\u2019est lanc\u00e9 dans une [&hellip;]<\/p>\n","protected":false},"author":1738,"featured_media":85684,"comment_status":"closed","ping_status":"closed","sticky":false,"template":"","format":"standard","meta":{"fifu_image_url":"","fifu_image_alt":"","footnotes":""},"categories":[53,75],"tags":[],"class_list":["post-85683","post","type-post","status-publish","format-standard","has-post-thumbnail","hentry","category-algerie","category-sport"],"_links":{"self":[{"href":"https:\/\/linitiative.ca\/International\/wp-json\/wp\/v2\/posts\/85683","targetHints":{"allow":["GET"]}}],"collection":[{"href":"https:\/\/linitiative.ca\/International\/wp-json\/wp\/v2\/posts"}],"about":[{"href":"https:\/\/linitiative.ca\/International\/wp-json\/wp\/v2\/types\/post"}],"author":[{"embeddable":true,"href":"https:\/\/linitiative.ca\/International\/wp-json\/wp\/v2\/users\/1738"}],"replies":[{"embeddable":true,"href":"https:\/\/linitiative.ca\/International\/wp-json\/wp\/v2\/comments?post=85683"}],"version-history":[{"count":0,"href":"https:\/\/linitiative.ca\/International\/wp-json\/wp\/v2\/posts\/85683\/revisions"}],"wp:featuredmedia":[{"embeddable":true,"href":"https:\/\/linitiative.ca\/International\/wp-json\/"}],"wp:attachment":[{"href":"https:\/\/linitiative.ca\/International\/wp-json\/wp\/v2\/media?parent=85683"}],"wp:term":[{"taxonomy":"category","embeddable":true,"href":"https:\/\/linitiative.ca\/International\/wp-json\/wp\/v2\/categories?post=85683"},{"taxonomy":"post_tag","embeddable":true,"href":"https:\/\/linitiative.ca\/International\/wp-json\/wp\/v2\/tags?post=85683"}],"curies":[{"name":"wp","href":"https:\/\/api.w.org\/{rel}","templated":true}]}}