{"id":85686,"date":"2020-05-16T15:18:13","date_gmt":"2020-05-16T19:18:13","guid":{"rendered":"https:\/\/linitiative.ca\/International\/tissemsilt-quatre-personnes-gueries-du-coronavirus-quittent-lhopital\/"},"modified":"2020-05-16T15:18:13","modified_gmt":"2020-05-16T19:18:13","slug":"tissemsilt-quatre-personnes-gueries-du-coronavirus-quittent-lhopital","status":"publish","type":"post","link":"https:\/\/linitiative.ca\/International\/tissemsilt-quatre-personnes-gueries-du-coronavirus-quittent-lhopital\/","title":{"rendered":"Tissemsilt : Quatre personnes gu\u00e9ries du coronavirus quittent l&rsquo;h\u00f4pital"},"content":{"rendered":"<div class=\"TxArtcile\" readability=\"19\">\n<p>Quatre personnes ont quitt\u00e9 l&rsquo;\u00e9tablissement public hospitalier (EPH) de Bordj Bounaama (Tissemsilt) vendredi dernier apr\u00e8s confirmation de leur r\u00e9tablissement total du nouveau coronavirus, a-t-on appris hier aupr\u00e8s de la direction de la Sant\u00e9 et de la Population (DSP). Les r\u00e9sultats des analyses des patients, \u00e2g\u00e9s entre 18 et 86 ans, effectu\u00e9es par l&rsquo;annexe de l&rsquo;Institut Pasteur d&rsquo;Oran, sont n\u00e9gatifs, a-t-on indiqu\u00e9. Le nombre de personnes r\u00e9tablies du nouveau coronavirus dans la wilaya a augment\u00e9 jusqu&rsquo;\u00e0 vendredi pour atteindre 61, a pr\u00e9cis\u00e9 la DSP, pr\u00e9cisant qu&rsquo;elles avaient quitt\u00e9 les \u00e9tablissements hospitaliers publics de Tissemsilt, Theniet El Had et Bordj Bounaama. Les patients gu\u00e9ris du Covid-19 ont \u00e9t\u00e9 soumis au protocole th\u00e9rapeutique \u00e0 base d&rsquo;hydroxychloroquine, a-t-on ajout\u00e9.<\/p>\n<\/div>\n<div class=\"ModliArtilUne\">\n<ul>\n<li><strong>Publi\u00e9 dans :<\/strong><\/li>\n<\/ul>\n<\/div>\n<div class=\"MbComIns\" id=\"newcom\" readability=\"5.6940298507463\">\n<h6>DONNEZ VOTRE AVIS<\/h6>\n<p>Il n&rsquo;y a actuellement aucune r\u00e9action \u00e0 cette information. Soyez le premier \u00e0 r\u00e9agir !<\/p>\n<p><a href=\"\" rel=\"#popup\" class=\"login resetbutton\">Identifiez-vous<\/a><a class=\"button\" href=\"http:\/\/www.elmoudjahid.com\/fr\/inscription\/\"><span>S&rsquo;inscrire<\/span><\/a><\/p>\n<\/div>\n<p>Auteur: elmoudjahid<br \/>\n<a href=\"http:\/\/www.elmoudjahid.com\/fr\/actualites\/153429\">Cliquez ici pour lire l&rsquo;article depuis sa source.<\/a><\/p>\n","protected":false},"excerpt":{"rendered":"<p>Quatre personnes ont quitt\u00e9 l&rsquo;\u00e9tablissement public hospitalier (EPH) de Bordj Bounaama (Tissemsilt) vendredi dernier apr\u00e8s confirmation de leur r\u00e9tablissement total du nouveau coronavirus, a-t-on appris hier aupr\u00e8s de la direction de la Sant\u00e9 et de la Population (DSP). Les r\u00e9sultats des analyses des patients, \u00e2g\u00e9s entre 18 et 86 ans, effectu\u00e9es par l&rsquo;annexe de l&rsquo;Institut [&hellip;]<\/p>\n","protected":false},"author":1744,"featured_media":0,"comment_status":"closed","ping_status":"closed","sticky":false,"template":"","format":"standard","meta":{"fifu_image_url":"","fifu_image_alt":"","footnotes":""},"categories":[73,53],"tags":[],"class_list":["post-85686","post","type-post","status-publish","format-standard","hentry","category-actualite","category-algerie"],"_links":{"self":[{"href":"https:\/\/linitiative.ca\/International\/wp-json\/wp\/v2\/posts\/85686","targetHints":{"allow":["GET"]}}],"collection":[{"href":"https:\/\/linitiative.ca\/International\/wp-json\/wp\/v2\/posts"}],"about":[{"href":"https:\/\/linitiative.ca\/International\/wp-json\/wp\/v2\/types\/post"}],"author":[{"embeddable":true,"href":"https:\/\/linitiative.ca\/International\/wp-json\/wp\/v2\/users\/1744"}],"replies":[{"embeddable":true,"href":"https:\/\/linitiative.ca\/International\/wp-json\/wp\/v2\/comments?post=85686"}],"version-history":[{"count":0,"href":"https:\/\/linitiative.ca\/International\/wp-json\/wp\/v2\/posts\/85686\/revisions"}],"wp:attachment":[{"href":"https:\/\/linitiative.ca\/International\/wp-json\/wp\/v2\/media?parent=85686"}],"wp:term":[{"taxonomy":"category","embeddable":true,"href":"https:\/\/linitiative.ca\/International\/wp-json\/wp\/v2\/categories?post=85686"},{"taxonomy":"post_tag","embeddable":true,"href":"https:\/\/linitiative.ca\/International\/wp-json\/wp\/v2\/tags?post=85686"}],"curies":[{"name":"wp","href":"https:\/\/api.w.org\/{rel}","templated":true}]}}