{"id":85693,"date":"2020-05-16T07:57:20","date_gmt":"2020-05-16T11:57:20","guid":{"rendered":"https:\/\/linitiative.ca\/International\/105100-natation-algerie-il-faut-commencer-a-preparer-la-nouvelle-saison-le-plus-tot-possible\/"},"modified":"2020-05-16T07:57:20","modified_gmt":"2020-05-16T11:57:20","slug":"105100-natation-algerie-il-faut-commencer-a-preparer-la-nouvelle-saison-le-plus-tot-possible","status":"publish","type":"post","link":"https:\/\/linitiative.ca\/International\/105100-natation-algerie-il-faut-commencer-a-preparer-la-nouvelle-saison-le-plus-tot-possible\/","title":{"rendered":"Natation \/ Alg\u00e9rie : il faut commencer \u00e0 pr\u00e9parer la nouvelle saison le plus t\u00f4t possible"},"content":{"rendered":"<div readability=\"37\">\n<p><strong>ALGER- La d\u00e9cision de mettre fin \u00e0 la saison sportive 2019-2020 de natation \u00e0 incit\u00e9 certains techniciens de la discipline \u00e0 \u00ab\u00a0anticiper la pr\u00e9paration de la saison suivante\u00a0\u00bb, en appelant d\u00e8s maintenant \u00e0 \u00e9laborer un plan de travail dans cette perspective, en prenant compte les nageurs d&rsquo;\u00e9lite.<\/strong><\/p>\n<\/div>\n<div readability=\"112.27925736236\">\n<p>La d\u00e9cision de mettre fin \u00e0 la saison en cours \u00e0 \u00e9t\u00e9 prise par le Bureau f\u00e9d\u00e9ral mercredi, apr\u00e8s que l&rsquo;Etat ait annonc\u00e9 un prolongement du confinement jusqu&rsquo;au 29 mai courant. Un arr\u00eat qui concerne toutes les comp\u00e9titions nationales, en bassin, eau libre et water-polo.<\/p>\n<blockquote readability=\"12\">\n<p><em><strong>\u00ab\u00a0Si la d\u00e9cision de mettre fin \u00e0 la saison a \u00e9t\u00e9 prise pour d&rsquo;autres consid\u00e9rations, j&rsquo;aurais \u00e9t\u00e9 tr\u00e8s d\u00e9\u00e7u. Mais puisqu&rsquo;il s&rsquo;agit d&rsquo;une mesure pr\u00e9ventive contre le coronavirus, je ne peux qu&rsquo;y adh\u00e9rer\u00a0\u00bb a d\u00e9clar\u00e9 \u00e0 l&rsquo;APS le s\u00e9lectionneur national, Anouar Boutebina, en insistant cependant sur le n\u00e9cessit\u00e9 de penser d\u00e8s maintenant \u00e0 l&rsquo;avenir.<\/strong><\/em><\/p>\n<\/blockquote>\n<p>\u00ab\u00a0Je pense qu&rsquo;on doit vite \u00e9laborer une strat\u00e9gie, pour assurer une bonne reprise \u00e0 nos athl\u00e8tes, particuli\u00e8rement ceux de l&rsquo;\u00e9lite nationale, qui apr\u00e8s la fin du confinement auront besoin d&rsquo;au moins huit semaines de pr\u00e9paration, pour retrouver leur meilleur niveau. La F\u00e9d\u00e9ration doit donc penser et travailler intelligemment\u00a0 pour bien les accompagner\u00a0\u00bb.<\/p>\n<p>De son c\u00f4t\u00e9, l&rsquo;entra\u00eeneur du Groupement Sportif des P\u00e9troliers, Mohamed Galdem a consid\u00e9r\u00e9 qu'\u00a0\u00bbil aurait peut-\u00eatre \u00e9t\u00e9 plus judicieux de temporiser un peu avant de prendre cette d\u00e9cision radicale de mettre carr\u00e9ment fin \u00e0 la saison, car les choses auraient peut-\u00eatre \u00e9volu\u00e9 positivement au cours des prochains jours\u00a0 permettant ainsi de reprendre les entra\u00eenements et la comp\u00e9tition\u00a0\u00bb a-t-il esp\u00e9r\u00e9.<\/p>\n<hr\/>\n<h3 class=\"allmode-title\">Lire aussi:\u00a0<a href=\"\/proxy\/2832980a\/http\/www.aps.dz\/sport\/105042-natation-fin-de-saison-sportive-2019-2020\">Natation: fin de saison sportive 2019-2020<\/a><\/h3>\n<hr\/>\n<p>Le coach du GSP a cit\u00e9 l&rsquo;exemple de plusieurs autres f\u00e9d\u00e9rations sportives, en Alg\u00e9rie et \u00e0 l&rsquo;\u00e9tranger, qui ont \u00e9vit\u00e9 de s&rsquo;aventurer un peu trop vite \u00e0 annoncer une fin de saison pr\u00e9matur\u00e9e, car l&rsquo;espoir d&rsquo;une reprise est encore permis.<\/p>\n<blockquote readability=\"15\">\n<p><em><strong>\u00ab\u00a0On aurait pu, tout au moins, ne pas se montrer aussi cat\u00e9gorique, en proc\u00e9dant \u00e0 l&rsquo;arr\u00eat de toutes les comp\u00e9titions. A mon avis, on aurait pu mettre fin aux comp\u00e9titions des jeunes cat\u00e9gories, en maintenant les Championnats \u00ab\u00a0Open\u00a0\u00bb, car ils pourraient tr\u00e8s bien se d\u00e9rouler en ao\u00fbt ou en septembre, si les choses rentrent dans l&rsquo;ordre par rapport \u00e0 la pand\u00e9mie du nouveau coronavirus\u00a0\u00bb a-t-il sugg\u00e9r\u00e9.<\/strong><\/em><\/p>\n<\/blockquote>\n<p>L&rsquo;ancien nageur du Club \u00ab\u00a0Sahel Nautique d&rsquo;El Biar\u00a0\u00bb a incit\u00e9 au passage les diff\u00e9rents acteurs de la discipline \u00e0 \u00ab\u00a0se tenir pr\u00eats\u00a0\u00bb, pour reprendre le travail d\u00e8s que l&rsquo;Etat annoncera la fin du confinement et le retour progressif \u00e0 la vie normale. Selon lui, la natation alg\u00e9rienne a d\u00e9j\u00e0 perdu plus de deux mois, et il faudra les rattraper.<\/p>\n<p><strong>\u00a0<\/strong><\/p>\n<p><strong>Ouverture des bassins pour les nageurs internationaux durant le confinement<\/strong><\/p>\n<p><strong>\u00a0<\/strong><\/p>\n<p>Concernant les nageurs des diff\u00e9rentes s\u00e9lections nationales concern\u00e9s par les comp\u00e9titions internationales, Anouar Boutebina, qui est \u00e9galement entraineur du club de Ain Turc (Oran), a exig\u00e9 leur prise en charge.<\/p>\n<blockquote readability=\"13\">\n<p><em><strong>\u00ab\u00a0Suite \u00e0 l&rsquo;arr\u00eat d\u00e9finitif de la saison \u00e0 cause des mesures de confinement, la F\u00e9d\u00e9ration devrait faciliter le retour des nageurs internationaux vers les bassins, m\u00eame si de nombreux nageurs ont continu\u00e9 de s&rsquo;entrainer \u00e0 la maison, ou dans les eaux libre (mer), mais \u00e7a reste insuffisant\u00a0\u00bb, a-t-il assur\u00e9.<\/strong><\/em><\/p>\n<\/blockquote>\n<p>Dans le m\u00eame sillage, Mohamed Galdem, a sugg\u00e9r\u00e9 l&rsquo;ouverture des bassins aux nageurs internationaux durant le confinement, afin qu&rsquo;ils puissent garder la forme en vue des prochaines comp\u00e9titions internationales, notamment celles pr\u00e9vues en d\u00e9but de saison.<\/p>\n<p>La F\u00e9d\u00e9ration alg\u00e9rienne de natation (FAN) a \u00e9t\u00e9 la 1ere instance sportive nationale \u00e0 mettre fin \u00e0 la saison sportive 2019-2020, suite \u00e0 la prolongation du confinement sanitaire jusqu&rsquo;au 29 mai en raison de la pand\u00e9mie du COVID-19.<\/p>\n<p>Concernant les nageurs d&rsquo;\u00e9lite, \u00ab\u00a0l&rsquo;instance f\u00e9d\u00e9rale fera le n\u00e9cessaire en collaboration avec la commission m\u00e9dicale f\u00e9d\u00e9rale pour faciliter l&rsquo;acc\u00e8s aux diff\u00e9rents bassins, tout en assurant les mesures sanitaires strictes pour lutter contre le COVID- 19\u00a0\u00bb, avait promis la FAN.<\/p>\n<\/div>\n<p>Auteur:<br \/>\n<a href=\"http:\/\/www.aps.dz\/sport\/105100-natation-algerie-il-faut-commencer-a-preparer-la-nouvelle-saison-le-plus-tot-possible?utm_source=feedburner&#038;utm_medium=feed&#038;utm_campaign=Feed%3A+aps-sport+%28APS+-+SPORT%29\">Cliquez ici pour lire l&rsquo;article depuis sa source.<\/a><\/p>\n","protected":false},"excerpt":{"rendered":"<p>ALGER- La d\u00e9cision de mettre fin \u00e0 la saison sportive 2019-2020 de natation \u00e0 incit\u00e9 certains techniciens de la discipline \u00e0 \u00ab\u00a0anticiper la pr\u00e9paration de la saison suivante\u00a0\u00bb, en appelant d\u00e8s maintenant \u00e0 \u00e9laborer un plan de travail dans cette perspective, en prenant compte les nageurs d&rsquo;\u00e9lite. La d\u00e9cision de mettre fin \u00e0 la saison [&hellip;]<\/p>\n","protected":false},"author":1790,"featured_media":0,"comment_status":"closed","ping_status":"closed","sticky":false,"template":"","format":"standard","meta":{"fifu_image_url":"","fifu_image_alt":"","footnotes":""},"categories":[53,75],"tags":[],"class_list":["post-85693","post","type-post","status-publish","format-standard","hentry","category-algerie","category-sport"],"_links":{"self":[{"href":"https:\/\/linitiative.ca\/International\/wp-json\/wp\/v2\/posts\/85693","targetHints":{"allow":["GET"]}}],"collection":[{"href":"https:\/\/linitiative.ca\/International\/wp-json\/wp\/v2\/posts"}],"about":[{"href":"https:\/\/linitiative.ca\/International\/wp-json\/wp\/v2\/types\/post"}],"author":[{"embeddable":true,"href":"https:\/\/linitiative.ca\/International\/wp-json\/wp\/v2\/users\/1790"}],"replies":[{"embeddable":true,"href":"https:\/\/linitiative.ca\/International\/wp-json\/wp\/v2\/comments?post=85693"}],"version-history":[{"count":0,"href":"https:\/\/linitiative.ca\/International\/wp-json\/wp\/v2\/posts\/85693\/revisions"}],"wp:attachment":[{"href":"https:\/\/linitiative.ca\/International\/wp-json\/wp\/v2\/media?parent=85693"}],"wp:term":[{"taxonomy":"category","embeddable":true,"href":"https:\/\/linitiative.ca\/International\/wp-json\/wp\/v2\/categories?post=85693"},{"taxonomy":"post_tag","embeddable":true,"href":"https:\/\/linitiative.ca\/International\/wp-json\/wp\/v2\/tags?post=85693"}],"curies":[{"name":"wp","href":"https:\/\/api.w.org\/{rel}","templated":true}]}}