{"id":85694,"date":"2020-05-16T10:02:46","date_gmt":"2020-05-16T14:02:46","guid":{"rendered":"https:\/\/linitiative.ca\/International\/105105-football-la-caf-procede-au-versement-des-primes-aux-clubs\/"},"modified":"2020-05-16T10:02:46","modified_gmt":"2020-05-16T14:02:46","slug":"105105-football-la-caf-procede-au-versement-des-primes-aux-clubs","status":"publish","type":"post","link":"https:\/\/linitiative.ca\/International\/105105-football-la-caf-procede-au-versement-des-primes-aux-clubs\/","title":{"rendered":"Football: la CAF proc\u00e8de au versement des primes aux clubs"},"content":{"rendered":"<div readability=\"34\">\n<p><strong>LE CAIRE &#8211; La Conf\u00e9d\u00e9ration africaine de football (CAF) a d\u00e9cid\u00e9 d&rsquo;acc\u00e9l\u00e9rer le paiement de la derni\u00e8re tranche des r\u00e9compenses financi\u00e8res aux clubs participant aux comp\u00e9titions de la CAF pour la saison 2019\/2020.<\/strong><\/p>\n<\/div>\n<div readability=\"70.231851179673\">\n<p>\u00ab\u00a0A la lumi\u00e8re des pr\u00e9occupations croissantes et de la nature \u00e9volutive de la pand\u00e9mie de COVID-19, entra\u00eenant la suspension des activit\u00e9s de football \u00e0 travers le continent, la CAF a d\u00e9cid\u00e9 d&rsquo;acc\u00e9l\u00e9rer le paiement de la derni\u00e8re tranche des r\u00e9compenses financi\u00e8res aux clubs participant aux comp\u00e9titions interclubs de la CAF pour 2019\/20\u00a0\u00bb, a indiqu\u00e9 la CAF dans un <em><strong><a href=\"https:\/\/fr.cafonline.com\/news-center\/covid-19\/la-caf-procede-au-versement-des-primes-des-competitions-interclubs\" target=\"_blank\" rel=\"noopener noreferrer\">communiqu\u00e9<\/a><\/strong><\/em> sur son site officiel.<\/p>\n<p>La distribution, qui a depuis d\u00e9but\u00e9, vise \u00e0 r\u00e9duire la charge financi\u00e8re pesant sur les 32 clubs qui ont atteint les phases de groupes de la Ligue des champions et de la Coupe de la Conf\u00e9d\u00e9ration, en ces temps difficiles, pr\u00e9cise la m\u00eame source.<\/p>\n<blockquote readability=\"8\">\n<p><em><strong>Les clubs recevront leurs primes sur la base des montants \u00e9tablis pour chaque comp\u00e9tition jusqu&rsquo;\u00e0 la phase de quarts de finale, lorsque les deux comp\u00e9titions ont \u00e9t\u00e9 suspendues ind\u00e9finiment en raison du COVID-19.<\/strong><\/em><\/p>\n<\/blockquote>\n<p>Le minimum garanti pour les clubs participant \u00e0 la Ligue des champions est de 550.000 USD et 275.000 USD pour la Coupe de la Conf\u00e9d\u00e9ration.<\/p>\n<hr\/>\n<h3>Lire aussi:\u00a0<a href=\"http:\/\/www.aps.dz\/sport\/103920-foot-covid19-les-demi-finales-des-coupes-interclubs-reportees-a-une-date-ulterieure\" target=\"_blank\" rel=\"noopener noreferrer\">Foot-Covid19: les demi-finales des coupes interclubs report\u00e9es \u00e0 une date ult\u00e9rieure<\/a><\/h3>\n<hr\/>\n<p>Quatre clubs alg\u00e9riens ont pris part aux deux comp\u00e9titions interclubs de la CAF 2019-2020. Il s&rsquo;agit de l&rsquo;USM Alger et de la JS Kabylie en Ligue des champions et du Paradou AC et du CR Belouizdad en Coupe de la Conf\u00e9d\u00e9ration.<\/p>\n<blockquote readability=\"13\">\n<p><em><strong>\u00ab\u00a0Le monde du football et d&rsquo;ailleurs le football africain traverse des difficult\u00e9s sans pr\u00e9c\u00e9dent. La situation actuelle a eu un effet r\u00e9v\u00e9lateur sur les parties prenantes du football africain, et la CAF est sensible aux besoins de nos clubs, l&rsquo;une de nos principales parties prenantes, en facilitant le paiement de leurs primes bien \u00e0 l&rsquo;avance\u00a0\u00bb, a d\u00e9clar\u00e9 le pr\u00e9sident de la CAF, Ahmad Ahmad.<\/strong><\/em><\/p>\n<\/blockquote>\n<p>Habituellement, les clubs recevaient leurs primes pour les comp\u00e9titions interclubs \u00e0 la fin de la saison.<\/p>\n<p>\u00ab\u00a0Pendant ce temps, la CAF surveille de pr\u00e8s la situation et travaille avec les autorit\u00e9s comp\u00e9tentes, y compris l&rsquo;Organisation mondiale de la sant\u00e9 (OMS) afin d&rsquo;\u00e9valuer l&rsquo;impact du virus sur le continent. En outre, des mesures relatives aux comp\u00e9titions seront annonc\u00e9es en temps opportun\u00a0\u00bb, a conclu l&rsquo;instance africaine.<\/p>\n<\/div>\n<p>Auteur:<br \/>\n<a href=\"http:\/\/www.aps.dz\/sport\/105105-football-la-caf-procede-au-versement-des-primes-aux-clubs?utm_source=feedburner&#038;utm_medium=feed&#038;utm_campaign=Feed%3A+aps-sport+%28APS+-+SPORT%29\">Cliquez ici pour lire l&rsquo;article depuis sa source.<\/a><\/p>\n","protected":false},"excerpt":{"rendered":"<p>LE CAIRE &#8211; La Conf\u00e9d\u00e9ration africaine de football (CAF) a d\u00e9cid\u00e9 d&rsquo;acc\u00e9l\u00e9rer le paiement de la derni\u00e8re tranche des r\u00e9compenses financi\u00e8res aux clubs participant aux comp\u00e9titions de la CAF pour la saison 2019\/2020. \u00ab\u00a0A la lumi\u00e8re des pr\u00e9occupations croissantes et de la nature \u00e9volutive de la pand\u00e9mie de COVID-19, entra\u00eenant la suspension des activit\u00e9s de [&hellip;]<\/p>\n","protected":false},"author":1790,"featured_media":0,"comment_status":"closed","ping_status":"closed","sticky":false,"template":"","format":"standard","meta":{"fifu_image_url":"","fifu_image_alt":"","footnotes":""},"categories":[53,75],"tags":[],"class_list":["post-85694","post","type-post","status-publish","format-standard","hentry","category-algerie","category-sport"],"_links":{"self":[{"href":"https:\/\/linitiative.ca\/International\/wp-json\/wp\/v2\/posts\/85694","targetHints":{"allow":["GET"]}}],"collection":[{"href":"https:\/\/linitiative.ca\/International\/wp-json\/wp\/v2\/posts"}],"about":[{"href":"https:\/\/linitiative.ca\/International\/wp-json\/wp\/v2\/types\/post"}],"author":[{"embeddable":true,"href":"https:\/\/linitiative.ca\/International\/wp-json\/wp\/v2\/users\/1790"}],"replies":[{"embeddable":true,"href":"https:\/\/linitiative.ca\/International\/wp-json\/wp\/v2\/comments?post=85694"}],"version-history":[{"count":0,"href":"https:\/\/linitiative.ca\/International\/wp-json\/wp\/v2\/posts\/85694\/revisions"}],"wp:attachment":[{"href":"https:\/\/linitiative.ca\/International\/wp-json\/wp\/v2\/media?parent=85694"}],"wp:term":[{"taxonomy":"category","embeddable":true,"href":"https:\/\/linitiative.ca\/International\/wp-json\/wp\/v2\/categories?post=85694"},{"taxonomy":"post_tag","embeddable":true,"href":"https:\/\/linitiative.ca\/International\/wp-json\/wp\/v2\/tags?post=85694"}],"curies":[{"name":"wp","href":"https:\/\/api.w.org\/{rel}","templated":true}]}}