{"id":85695,"date":"2020-05-16T14:25:00","date_gmt":"2020-05-16T18:25:00","guid":{"rendered":"https:\/\/linitiative.ca\/International\/covid19-encore-83-cas-gueris-a-lehu-doran\/"},"modified":"2020-05-16T14:25:00","modified_gmt":"2020-05-16T18:25:00","slug":"covid19-encore-83-cas-gueris-a-lehu-doran","status":"publish","type":"post","link":"https:\/\/linitiative.ca\/International\/covid19-encore-83-cas-gueris-a-lehu-doran\/","title":{"rendered":"COVID19 : Encore 83 cas gu\u00e9ris  \u00e0 l&rsquo;EHU d&rsquo;Oran"},"content":{"rendered":"<p><br id=\"sep_para_1\" class=\"sep_para access\"\/><\/p>\n<div id=\"para_1\" class=\"para_36998490 resize\">\n<div class=\"texte access firstletter\">Depuis la parution du Coronavirus ,la wilaya d&rsquo;Oran enregistre plus de la moiti\u00e9 des cas qui ont \u00e9t\u00e9 d\u00e9clar\u00e9s gu\u00e9ris au\u00a0 niveau des deux\u00a0 centre hospitalo-universitaire d&rsquo;Oran\u00a0 notamment le CHUO, et l&rsquo;EHU soit\u00a0 176 cas gu\u00e9ris ont \u00e9t\u00e9 enregistr\u00e9s ce vendredi du 15 mai.<br \/>Il ne se passe pas un jour sans que ces deux\u00a0 \u00e9tablissements hospitaliers n\u2019enregistrent\u00a0 des cas de gu\u00e9rison. Ce qui a permis \u00e0 ces personnes de revenir \u00e0 leurs familles. Apr\u00e8s avoir suivi le protocole th\u00e9rapeutique adopt\u00e9 par le minist\u00e8re de la sant\u00e9 et de la population et de la r\u00e9forme hospitali\u00e8re qui est l\u2019utilisation de la chloroquine et l\u2019ashteromycine. Toutes les personnes atteintes de la maladie au CHUO et \u00e0 l&rsquo;EHU suivent le m\u00eame protocole. O\u00f9 le personnel m\u00e9dical est optimiste de l\u2019augmentation des cas de gu\u00e9rison dans les jours \u00e0 venir. Notons que le CHUO assure la prise en charge de 60% des cas du covid-19 dans la capitale de l\u2019ouest. Le cadre m\u00e9dical du service des maladies infectieuses fourni de grands efforts durant ce mois b\u00e9ni pour vaincre la maladie. Au niveau de l\u2019\u00e9tablissement hospitalier universitaire d\u2019Oran EHU, 83 cas ont \u00e9t\u00e9 d\u00e9clar\u00e9 gu\u00e9ri ces derniers jours ont quitt\u00e9s l&rsquo;h\u00f4pital. Ce qui porte le nombre total des gu\u00e9ris \u00e0 Oran \u00e0 176, sur les\u00a0 387 cas confirm\u00e9s a Oran jusqu\u2019\u00e0 ce\u00a0 vendredi\u00a0 du 15 mai . Ce r\u00e9sultat d\u00e9montre l\u2019effort consid\u00e9rable du personnel m\u00e9dical, des m\u00e9decins et des infirmiers mobilis\u00e9s jour et nuit et qui n\u2019ont pas vus leurs proches depuis des semaines. Les citoyens doivent rester vigilants. Les personnes gu\u00e9ries restent confin\u00e9es chez eux durant 15 jours, pour \u00e9viter une nouvelle contamination. Les citoyens doivent \u00eatre conscients de l\u2019importance du confinement et du respect des conditions de pr\u00e9vention sanitaire afin d\u2019\u00e9viter la transmission de cette pand\u00e9mie. Porter un masque, lavage des mains, respect de la distanciation sociale ce sont des gestes simples qui peuvent \u00e9viter le pire et les ennuis de cette pand\u00e9mie invisible et silencieuse.\u00a0\u00a0\u00a0\u00a0\u00a0\u00a0\u00a0\u00a0\u00a0\u00a0\u00a0\u00a0\u00a0\u00a0\u00a0\u00a0\u00a0\u00a0\u00a0\u00a0\u00a0\u00a0\u00a0\u00a0\u00a0\u00a0\u00a0\u00a0<\/div>\n<\/div>\n<p>Auteur: Medjadji H.<br \/>\n<a href=\"https:\/\/www.reflexiondz.net\/COVID19-Encore-83-cas-gueris-a-l-EHU-d-Oran_a62738.html\">Cliquez ici pour lire l&rsquo;article depuis sa source.<\/a><\/p>\n","protected":false},"excerpt":{"rendered":"<p>Depuis la parution du Coronavirus ,la wilaya d&rsquo;Oran enregistre plus de la moiti\u00e9 des cas qui ont \u00e9t\u00e9 d\u00e9clar\u00e9s gu\u00e9ris au\u00a0 niveau des deux\u00a0 centre hospitalo-universitaire d&rsquo;Oran\u00a0 notamment le CHUO, et l&rsquo;EHU soit\u00a0 176 cas gu\u00e9ris ont \u00e9t\u00e9 enregistr\u00e9s ce vendredi du 15 mai.Il ne se passe pas un jour sans que ces deux\u00a0 \u00e9tablissements [&hellip;]<\/p>\n","protected":false},"author":1740,"featured_media":0,"comment_status":"closed","ping_status":"closed","sticky":false,"template":"","format":"standard","meta":{"fifu_image_url":"","fifu_image_alt":"","footnotes":""},"categories":[53,76],"tags":[],"class_list":["post-85695","post","type-post","status-publish","format-standard","hentry","category-algerie","category-regions"],"_links":{"self":[{"href":"https:\/\/linitiative.ca\/International\/wp-json\/wp\/v2\/posts\/85695","targetHints":{"allow":["GET"]}}],"collection":[{"href":"https:\/\/linitiative.ca\/International\/wp-json\/wp\/v2\/posts"}],"about":[{"href":"https:\/\/linitiative.ca\/International\/wp-json\/wp\/v2\/types\/post"}],"author":[{"embeddable":true,"href":"https:\/\/linitiative.ca\/International\/wp-json\/wp\/v2\/users\/1740"}],"replies":[{"embeddable":true,"href":"https:\/\/linitiative.ca\/International\/wp-json\/wp\/v2\/comments?post=85695"}],"version-history":[{"count":0,"href":"https:\/\/linitiative.ca\/International\/wp-json\/wp\/v2\/posts\/85695\/revisions"}],"wp:attachment":[{"href":"https:\/\/linitiative.ca\/International\/wp-json\/wp\/v2\/media?parent=85695"}],"wp:term":[{"taxonomy":"category","embeddable":true,"href":"https:\/\/linitiative.ca\/International\/wp-json\/wp\/v2\/categories?post=85695"},{"taxonomy":"post_tag","embeddable":true,"href":"https:\/\/linitiative.ca\/International\/wp-json\/wp\/v2\/tags?post=85695"}],"curies":[{"name":"wp","href":"https:\/\/api.w.org\/{rel}","templated":true}]}}