{"id":85696,"date":"2020-05-16T14:36:00","date_gmt":"2020-05-16T18:36:00","guid":{"rendered":"https:\/\/linitiative.ca\/International\/les-magistrats-lancent-un-appel-au-president-tebboune\/"},"modified":"2020-05-16T14:36:00","modified_gmt":"2020-05-16T18:36:00","slug":"les-magistrats-lancent-un-appel-au-president-tebboune","status":"publish","type":"post","link":"https:\/\/linitiative.ca\/International\/les-magistrats-lancent-un-appel-au-president-tebboune\/","title":{"rendered":"Les magistrats lancent un  appel au pr\u00e9sident Tebboune"},"content":{"rendered":"<p><br id=\"sep_para_1\" class=\"sep_para access\"\/><\/p>\n<div id=\"para_1\" class=\"para_36998565 resize\">\n<div class=\"texte access firstletter\">Le syndicat national des magistrats (SNM) a qualifi\u00e9 de \u00ab surprenante \u00bb la derni\u00e8re note du d\u00e9partement de Zeghmati ordonnant la reprise des audiences civiles et administratives dans les tribunaux. Dans un communiqu\u00e9 rendu public, le SNM a lanc\u00e9 un appel au chef de l\u2019Etat, Abdelmadjid Tebboune, lui demandant d\u2019intervenir. Le syndicat des magistrats a appel\u00e9 \u00ab le pr\u00e9sident de la r\u00e9publique et le premier ministre \u00e0 intervenir en urgence pour rem\u00e9dier \u00e0 cette situation anormale et prendre les mesures n\u00e9cessaires pour assurer la s\u00e9curit\u00e9 et prot\u00e9ger la sant\u00e9 publique, tout en consacrant l\u2019\u00e9galit\u00e9 de tous devant la justice \u00bb, lit-on dans le communiqu\u00e9. \u00ab Le syndicat national des magistrats ainsi que l\u2019ensemble des magistrats de la r\u00e9publique ont \u00e9t\u00e9 surpris par l\u2019\u00e9trange note \u00e9mise par le ministre de la justice le 13 mai 2020, modifiant une note pr\u00e9c\u00e9dente qui concerne la suspension des travaux judiciaires en raison de la pand\u00e9mie Covid-19 et ordonne la reprise imm\u00e9diate des audiences civiles et administratives au niveau des tribunaux, des cours de justice et des tribunaux administratifs afin de juger uniquement les affaires dans lesquelles les avocats se sont constitu\u00e9s, tout en limitant le droit de pr\u00e9sence aux seuls avocats sans leurs clients\u00bb, indique le SNM dans le communiqu\u00e9.<\/div>\n<\/div>\n<p>Auteur: R\u00e9flexion<br \/>\n<a href=\"https:\/\/www.reflexiondz.net\/Les-magistrats-lancent-un-appel-au-president-Tebboune_a62758.html\">Cliquez ici pour lire l&rsquo;article depuis sa source.<\/a><\/p>\n","protected":false},"excerpt":{"rendered":"<p>Le syndicat national des magistrats (SNM) a qualifi\u00e9 de \u00ab surprenante \u00bb la derni\u00e8re note du d\u00e9partement de Zeghmati ordonnant la reprise des audiences civiles et administratives dans les tribunaux. Dans un communiqu\u00e9 rendu public, le SNM a lanc\u00e9 un appel au chef de l\u2019Etat, Abdelmadjid Tebboune, lui demandant d\u2019intervenir. Le syndicat des magistrats a [&hellip;]<\/p>\n","protected":false},"author":1740,"featured_media":0,"comment_status":"closed","ping_status":"closed","sticky":false,"template":"","format":"standard","meta":{"fifu_image_url":"","fifu_image_alt":"","footnotes":""},"categories":[53,76],"tags":[],"class_list":["post-85696","post","type-post","status-publish","format-standard","hentry","category-algerie","category-regions"],"_links":{"self":[{"href":"https:\/\/linitiative.ca\/International\/wp-json\/wp\/v2\/posts\/85696","targetHints":{"allow":["GET"]}}],"collection":[{"href":"https:\/\/linitiative.ca\/International\/wp-json\/wp\/v2\/posts"}],"about":[{"href":"https:\/\/linitiative.ca\/International\/wp-json\/wp\/v2\/types\/post"}],"author":[{"embeddable":true,"href":"https:\/\/linitiative.ca\/International\/wp-json\/wp\/v2\/users\/1740"}],"replies":[{"embeddable":true,"href":"https:\/\/linitiative.ca\/International\/wp-json\/wp\/v2\/comments?post=85696"}],"version-history":[{"count":0,"href":"https:\/\/linitiative.ca\/International\/wp-json\/wp\/v2\/posts\/85696\/revisions"}],"wp:attachment":[{"href":"https:\/\/linitiative.ca\/International\/wp-json\/wp\/v2\/media?parent=85696"}],"wp:term":[{"taxonomy":"category","embeddable":true,"href":"https:\/\/linitiative.ca\/International\/wp-json\/wp\/v2\/categories?post=85696"},{"taxonomy":"post_tag","embeddable":true,"href":"https:\/\/linitiative.ca\/International\/wp-json\/wp\/v2\/tags?post=85696"}],"curies":[{"name":"wp","href":"https:\/\/api.w.org\/{rel}","templated":true}]}}