{"id":85698,"date":"2020-05-16T14:36:00","date_gmt":"2020-05-16T18:36:00","guid":{"rendered":"https:\/\/linitiative.ca\/International\/sid-ali-khaldi-sengage-a-combattre-la-corruption\/"},"modified":"2020-05-16T14:36:00","modified_gmt":"2020-05-16T18:36:00","slug":"sid-ali-khaldi-sengage-a-combattre-la-corruption","status":"publish","type":"post","link":"https:\/\/linitiative.ca\/International\/sid-ali-khaldi-sengage-a-combattre-la-corruption\/","title":{"rendered":"Sid Ali Khaldi s\u2019engage \u00e0 combattre la corruption"},"content":{"rendered":"<p><br id=\"sep_para_1\" class=\"sep_para access\"\/><\/p>\n<div id=\"para_1\" class=\"para_36998559 resize\">\n<div class=\"texte access firstletter\">Le ministre de la Jeunesse et des Sports (MJS), Sid Ali Khaldi, a r\u00e9agi \u00e0 l\u2019enregistrement sonore qui impliquerait un pr\u00e9sident de club et un manager de joueurs, \u00e0 propos de marchandage de matchs de Ligue 1 de football, tout en s\u2019engageant \u00e0 combattre la corruption dans le milieu sportif. \u00abLes r\u00e9seaux sociaux ont repris un enregistrement sonore qui n\u2019a aucun lien avec l\u2019esprit sportif et les valeurs morales. En attendant l\u2019issue de l\u2019enqu\u00eate sur les dessous de cette affaire et l\u2019authenticit\u00e9 de l\u2019enregistrement, je d\u00e9nonce avec force ce genre de comportements qui enfreint les lois de la discipline sportive et porte un coup \u00e0 l\u2019int\u00e9grit\u00e9 et \u00e0 l\u2019image du sport alg\u00e9rien \u00bb, a-t-il indiqu\u00e9 sur sa page Facebook. \u00abJe m\u2019engage de nouveau \u00e0 combattre la corruption dans le domaine du sport et moraliser la vie sportive qui constitue une partie importante dans l\u2019engagement du gouvernement \u00e0 moraliser l\u2019environnement en g\u00e9n\u00e9ral. Dans le but de r\u00e9aliser cet objectif, j\u2019appelle tous les acteurs du mouvement sportif \u00e0 combattre ce genre de fl\u00e9aux et \u00e0 pr\u00e9server l\u2019image du sport alg\u00e9rien chez nous et \u00e0 l\u2019\u00e9tranger \u00bb, a conclu le premier responsable du d\u00e9partement minist\u00e9riel.<\/div>\n<\/div>\n<p>Auteur: R\u00e9flexion<br \/>\n<a href=\"https:\/\/www.reflexiondz.net\/Sid-Ali-Khaldi-s-engage-a-combattre-la-corruption_a62756.html\">Cliquez ici pour lire l&rsquo;article depuis sa source.<\/a><\/p>\n","protected":false},"excerpt":{"rendered":"<p>Le ministre de la Jeunesse et des Sports (MJS), Sid Ali Khaldi, a r\u00e9agi \u00e0 l\u2019enregistrement sonore qui impliquerait un pr\u00e9sident de club et un manager de joueurs, \u00e0 propos de marchandage de matchs de Ligue 1 de football, tout en s\u2019engageant \u00e0 combattre la corruption dans le milieu sportif. \u00abLes r\u00e9seaux sociaux ont repris [&hellip;]<\/p>\n","protected":false},"author":1740,"featured_media":0,"comment_status":"closed","ping_status":"closed","sticky":false,"template":"","format":"standard","meta":{"fifu_image_url":"","fifu_image_alt":"","footnotes":""},"categories":[53,76],"tags":[],"class_list":["post-85698","post","type-post","status-publish","format-standard","hentry","category-algerie","category-regions"],"_links":{"self":[{"href":"https:\/\/linitiative.ca\/International\/wp-json\/wp\/v2\/posts\/85698","targetHints":{"allow":["GET"]}}],"collection":[{"href":"https:\/\/linitiative.ca\/International\/wp-json\/wp\/v2\/posts"}],"about":[{"href":"https:\/\/linitiative.ca\/International\/wp-json\/wp\/v2\/types\/post"}],"author":[{"embeddable":true,"href":"https:\/\/linitiative.ca\/International\/wp-json\/wp\/v2\/users\/1740"}],"replies":[{"embeddable":true,"href":"https:\/\/linitiative.ca\/International\/wp-json\/wp\/v2\/comments?post=85698"}],"version-history":[{"count":0,"href":"https:\/\/linitiative.ca\/International\/wp-json\/wp\/v2\/posts\/85698\/revisions"}],"wp:attachment":[{"href":"https:\/\/linitiative.ca\/International\/wp-json\/wp\/v2\/media?parent=85698"}],"wp:term":[{"taxonomy":"category","embeddable":true,"href":"https:\/\/linitiative.ca\/International\/wp-json\/wp\/v2\/categories?post=85698"},{"taxonomy":"post_tag","embeddable":true,"href":"https:\/\/linitiative.ca\/International\/wp-json\/wp\/v2\/tags?post=85698"}],"curies":[{"name":"wp","href":"https:\/\/api.w.org\/{rel}","templated":true}]}}