{"id":85699,"date":"2020-05-16T14:36:00","date_gmt":"2020-05-16T18:36:00","guid":{"rendered":"https:\/\/linitiative.ca\/International\/djaballah-rejette-le-mouture-de-la-constitution\/"},"modified":"2020-05-16T14:36:00","modified_gmt":"2020-05-16T18:36:00","slug":"djaballah-rejette-le-mouture-de-la-constitution","status":"publish","type":"post","link":"https:\/\/linitiative.ca\/International\/djaballah-rejette-le-mouture-de-la-constitution\/","title":{"rendered":"Djaballah rejette le mouture de la Constitution"},"content":{"rendered":"<p><br id=\"sep_para_1\" class=\"sep_para access\"\/><\/p>\n<div id=\"para_1\" class=\"para_36998558 resize\">\n<div class=\"texte access firstletter\">\u00a0Le Front pour la justice et le d\u00e9veloppement (FJD) d\u2019Abdellah Djaballah estime que la conjoncture du pays, empreinte d\u2019une crise sanitaire aigu\u00eb des suites de la pand\u00e9mie de coronavirus, n\u2019est pas propice \u00e0 mettre en d\u00e9bat un projet aussi capital que celui de la r\u00e9vision de la premi\u00e8re loi du pays. Dans un communiqu\u00e9 rendu public hier, le parti que pr\u00e9side Abdallah Djaballah rejoint son comp\u00e8re de la mouvance islamiste, le MSP, en consid\u00e9rant que ce texte ne tranche pas la nature du r\u00e9gime que les constitutions pass\u00e9es ont impos\u00e9. Et de s\u2019interroger sur les \u00abarri\u00e8re-pens\u00e9es\u00bb et les \u00abnon-dits\u00bb de ce timing \u00abinappropri\u00e9\u00bb. Le Front a mis en avant six axes politiques \u00e0 l\u2019effet d\u2019\u00e9plucher cet avant-projet de r\u00e9vision constitutionnelle dont notamment sa conformit\u00e9 avec le Livre Saint et la sunna, la d\u00e9claration du 1er Novembre 1954 qui parle de l\u2019instauration d\u2019un \u00c9tat alg\u00e9rien d\u00e9mocratique et social dans le cadre des valeurs de l\u2019Islam , en sus du respect du pouvoir des aspirations du peuple que le mouvement populaire du 22 f\u00e9vrier 2019 n\u2019a cess\u00e9 de proclamer plus d\u2019une ann\u00e9e durant, et la pr\u00e9servation de la souverainet\u00e9 de l\u2019\u00c9tat et son unit\u00e9 territoriale. Aussi, le FJD n\u2019a pas manqu\u00e9 de renouveler, \u00e0 l\u2019occasion, ses r\u00e9serves quant au caract\u00e8re technique limit\u00e9 de la composante du comit\u00e9 d\u2019experts charg\u00e9s d\u2019\u00e9laborer cet avant-projet.<\/div>\n<\/div>\n<p>Auteur: R\u00e9flexion<br \/>\n<a href=\"https:\/\/www.reflexiondz.net\/Djaballah-rejette-le-mouture-de-la-Constitution_a62755.html\">Cliquez ici pour lire l&rsquo;article depuis sa source.<\/a><\/p>\n","protected":false},"excerpt":{"rendered":"<p>\u00a0Le Front pour la justice et le d\u00e9veloppement (FJD) d\u2019Abdellah Djaballah estime que la conjoncture du pays, empreinte d\u2019une crise sanitaire aigu\u00eb des suites de la pand\u00e9mie de coronavirus, n\u2019est pas propice \u00e0 mettre en d\u00e9bat un projet aussi capital que celui de la r\u00e9vision de la premi\u00e8re loi du pays. Dans un communiqu\u00e9 rendu [&hellip;]<\/p>\n","protected":false},"author":1740,"featured_media":0,"comment_status":"closed","ping_status":"closed","sticky":false,"template":"","format":"standard","meta":{"fifu_image_url":"","fifu_image_alt":"","footnotes":""},"categories":[53,76],"tags":[],"class_list":["post-85699","post","type-post","status-publish","format-standard","hentry","category-algerie","category-regions"],"_links":{"self":[{"href":"https:\/\/linitiative.ca\/International\/wp-json\/wp\/v2\/posts\/85699","targetHints":{"allow":["GET"]}}],"collection":[{"href":"https:\/\/linitiative.ca\/International\/wp-json\/wp\/v2\/posts"}],"about":[{"href":"https:\/\/linitiative.ca\/International\/wp-json\/wp\/v2\/types\/post"}],"author":[{"embeddable":true,"href":"https:\/\/linitiative.ca\/International\/wp-json\/wp\/v2\/users\/1740"}],"replies":[{"embeddable":true,"href":"https:\/\/linitiative.ca\/International\/wp-json\/wp\/v2\/comments?post=85699"}],"version-history":[{"count":0,"href":"https:\/\/linitiative.ca\/International\/wp-json\/wp\/v2\/posts\/85699\/revisions"}],"wp:attachment":[{"href":"https:\/\/linitiative.ca\/International\/wp-json\/wp\/v2\/media?parent=85699"}],"wp:term":[{"taxonomy":"category","embeddable":true,"href":"https:\/\/linitiative.ca\/International\/wp-json\/wp\/v2\/categories?post=85699"},{"taxonomy":"post_tag","embeddable":true,"href":"https:\/\/linitiative.ca\/International\/wp-json\/wp\/v2\/tags?post=85699"}],"curies":[{"name":"wp","href":"https:\/\/api.w.org\/{rel}","templated":true}]}}