{"id":85708,"date":"2020-05-16T01:00:00","date_gmt":"2020-05-16T05:00:00","guid":{"rendered":"https:\/\/linitiative.ca\/International\/sur-les-traces-de-firmus-5e-partie\/"},"modified":"2020-05-16T01:00:00","modified_gmt":"2020-05-16T05:00:00","slug":"sur-les-traces-de-firmus-5e-partie","status":"publish","type":"post","link":"https:\/\/linitiative.ca\/International\/sur-les-traces-de-firmus-5e-partie\/","title":{"rendered":"Sur les traces de Firmus (5e Partie)"},"content":{"rendered":"<p class=\"c3\"><em><strong>Par Mohamed Arezki Himeur<\/strong><\/em><br \/>Les fouilles arch\u00e9ologiques sont \u00e0 l\u2019arr\u00eat du c\u00f4t\u00e9 de Tizi n\u2019Ath-A\u00efcha, actuel Th\u00e9nia, depuis la fin du XIXe si\u00e8cle. Le dernier document publi\u00e9 sur les recherches effectu\u00e9es dans la zone remonte \u00e0 1906. Aucune chance de savoir si cette cit\u00e9 fut r\u00e9ellement l\u2019un des fiefs du prince amazigh Firmus. Les preuves ont disparu sous les coups de pioche et de pelle \u00abdes bienfaits de la colonisation\u00bb.\u00a0<\/p>\n<p class=\"c3\">Th\u00e9nia (ex-M\u00e9nerville) : Se trouve \u00e0 mi-chemin entre Alger et Tizi Ouzou. De l\u2019autoroute qui contourne la ville, on distingue une partie de ses b\u00e2tisses. Le col des B\u00e9ni-A\u00efcha est son premier nom colonial, qui est une traduction de Tizi (col) n\u2019Ath A\u00efcha. Il s\u2019agit d\u2019un village antique berb\u00e8re. \u00abUne inscription de l\u2019\u00e9poque chr\u00e9tienne plac\u00e9e jadis au-dessus de la porte d\u2019un fort, \u00e0 M\u00e9nerville, nomme un Firmus, sans que l\u2019on puisse dire, il est vrai, qu\u2019il s\u2019agit bien du personnage historique. Ce fort de M\u00e9nerville, de Souma, pour \u00eatre plus exact, \u00e9tait encore intact \u00e0 l\u2019arriv\u00e9e des Fran\u00e7ais dans le pays. Il a \u00e9t\u00e9 d\u00e9truit, parce qu\u2019on avait vu dans ses murailles une carri\u00e8re facilement exploitable pour la construction des immeubles et monuments publics de M\u00e9nerville\u00bb, relevait Camille Vir\u00e9, dans un article fort document\u00e9.(6)<br \/>\u00abM\u00e9nerville, dont la position dans un col avec vue sur la plaine des Issers et la Kabylie d&rsquo;un c\u00f4t\u00e9, sur la mer de l&rsquo;autre, est si remarquable, a-t-elle \u00e9t\u00e9 occup\u00e9e \u00e0 l&rsquo;\u00e2ge de pierre ? Des trouvailles faites par M. Vinsonneau, dans le jardin de la maison Porte, qu&rsquo;il habite, sembleraient le d\u00e9montrer. Dans les d\u00e9blais de fouilles profondes, faites pour l&rsquo;installation de fosses d&rsquo;aisances, d\u00e9blais \u00e9parpill\u00e9s au hasard, il a ramass\u00e9 sans chercher et seulement parce que son \u0153il a \u00e9t\u00e9 attir\u00e9 par leur forme sp\u00e9ciale, trois outils ou d\u00e9bris d&rsquo;outils dont deux en silex et un en granit.\u00bb(7)<br \/>Un \u00abcurieux\u00bb cimeti\u00e8re antique, ant\u00e9rieur \u00e0 la p\u00e9riode romaine, avait \u00e9t\u00e9 d\u00e9couvert sur un plateau, avec vue sur mer, \u00e0 2 km au nord-ouest de la ville. On avait mis au jour, \u00e0 environ 50 centim\u00e8tres du sol, une cinquantaine de grandes amphores rang\u00e9es et ferm\u00e9es, contenant des cendres, des ossements et quelques bijoux, selon le m\u00eame auteur.<br \/>Le village colonial a \u00e9t\u00e9 ras\u00e9 lors de l\u2019insurrection de 1871. Il a \u00e9t\u00e9 reconstruit et \u00e9rig\u00e9 en commune de plein exercice sous le nom de col des B\u00e9ni-A\u00efcha par d\u00e9cret du 30 novembre 1874, avant de prendre celui de M\u00e9nerville en janvier 1877. \u00abLe col des B\u00e9ni-A\u00efcha est une position strat\u00e9gique tr\u00e8s importante ; c\u2019est un point de passage oblig\u00e9 pour aller de la Kabylie dans la plaine de la Mitidja. Il y avait l\u00e0 quelques \u00e9tablissements europ\u00e9ens qui ont \u00e9t\u00e9 br\u00fbl\u00e9s par les insurg\u00e9s et dont les habitants ont \u00e9t\u00e9 massacr\u00e9s. Il est urgent d\u2019y construire un village fortifi\u00e9\u00bb, pr\u00e9conisait, dans un rapport, en 1871, la Commission de colonisation et d\u2019immigration de la province d\u2019Alger.(8)<\/p>\n<p class=\"c3\">Si Mustapha (ex-F\u00e9lix Faure, ex-Bled Guitoun) : Le village \u00e9tait connu au d\u00e9but de la colonisation fran\u00e7aise sous le nom de Blad-Guitoun. Il a \u00e9t\u00e9 cr\u00e9\u00e9 en mars 1872. Erig\u00e9 en commune de plein exercice en novembre 1874, il a \u00e9t\u00e9 rebaptis\u00e9 F\u00e9lix-Faure en ao\u00fbt 1899 et habit\u00e9 par une population coloniale compos\u00e9e principalement d\u2019Alsaciens-Lorrains. Ses terres, d\u00e9frich\u00e9es, \u00e9taient consid\u00e9r\u00e9es, d\u00e9j\u00e0 \u00e0 l\u2019\u00e9poque, favorables \u00e0 toutes les cultures et d\u2019un bon rendement, comme c\u2019est le cas pour les cit\u00e9s voisines des Issers et de Bordj Mena\u00efel. Le village colonial a \u00e9t\u00e9 b\u00e2ti dans une zone abritant des vestiges antiques. Des ruines semblables ont \u00e9t\u00e9 d\u00e9couvertes \u00e9galement aux Issers, Bordj Mena\u00efel et Naciria, villages situ\u00e9s sur la route reliant Alger et Tizi-Ouzou.<br \/>Une \u00e9pitaphe datant de l\u2019an 231 de notre \u00e8re, d\u00e9couverte pr\u00e8s de Bordj Mena\u00efel, et d\u2019autres objets mis au jour \u00e0 Naciria, signalaient que la r\u00e9gion \u00e9tait sous le r\u00e8gne des princes berb\u00e8res et que, contrairement aux zones c\u00f4ti\u00e8res, l\u2019int\u00e9rieur du pays \u00ab\u00e9tait bien peu romanis\u00e9\u00bb, selon des historiens et chercheurs du XIXe si\u00e8cle, dont St\u00e9phane Gsell. \u00abC\u2019est une erreur profonde de croire que la Basse-Kabylie a \u00e9t\u00e9 peu occup\u00e9e par les Romains\u00bb, avait r\u00e9pliqu\u00e9 M. Vir\u00e9.(9) C\u2019est cet ancien maire de Bordj Mena\u00efel qui avait d\u00e9couvert, en 1896, les premiers vestiges antiques dans la zone, dont un mausol\u00e9e attribu\u00e9 aux Romains. \u00abIl n\u2019y a pas lieu d\u2019attribuer ce grand mausol\u00e9e \u00e0 un riche Romain ; il est plus vraisemblable qu\u2019il a \u00e9t\u00e9 \u00e9lev\u00e9 par les soins d\u2019un seigneur indig\u00e8ne, qui aura fait appel pour le construite \u00e0 un architecte, \u00e0 des ouvriers de quelque ville du littoral\u00bb, relevait St\u00e9phane Gsell dans une communication en 1898.(10) \u00abNous savons qu\u2019il y avait \u00e0 cette \u00e9poque des chefs puissants de la Kabylie (\u2026) C\u2019\u00e9tait dans ce pays, peut-\u00eatre m\u00eame dans cette r\u00e9gion de l\u2019Isser que la famille de Firmus commandait une grande tribu. Quand il se r\u00e9volta en 371 ou 372, il se jeta d\u2019abord sur Icosium (actuel Alger, NDLR) et les villes voisines, ce qui indique qu\u2019il n\u2019habitait pas loin de l\u00e0. Une inscription de l\u2019\u00e9poque chr\u00e9tienne, plac\u00e9e jadis au-dessus de la porte du fort, \u00e0 M\u00e9nerville, nomme un Firmus, sans que l\u2019on puisse dire, il est vrai, s\u2019il s\u2019agit du personnage historique\u00bb, ajoutait M. Gsell, reprenant M. Vir\u00e9.(11)<\/p>\n<p class=\"c3\">Isser (ex-Isserville) : M\u00eame s\u2019il est contourn\u00e9 par l\u2019autoroute, donc par les automobilistes venant ou se rendant en direction de Tizi Ouzou ou d\u2019Alger, le village, travers\u00e9 par un cours d\u2019eau du m\u00eame nom, grouille de monde \u00e0 longueur de journ\u00e9e. Parce qu\u2019il est la principale place commerciale de la r\u00e9gion, fr\u00e9quent\u00e9e par les populations des villages environnants, dont ceux des montagnes de Timezrit. Le march\u00e9 hebdomadaire qui se tenait jadis les lundis, puis les jeudis est devenu quotidien.\u00a0<br \/>Le village constitue une halte id\u00e9ale pour les voyageurs qui voudraient se restaurer avant de poursuivre leur chemin. La principale art\u00e8re qui le traverse en ligne droite d\u2019un bout \u00e0 l\u2019autre est pleine de restaurants et gargotes\u00a0 proposant, entre autres, des brochettes de viande rouge et blanche, du poulet r\u00f4ti et des plats traditionnels.\u00a0<br \/>La rue abrite encore quelques vieilles b\u00e2tisses de l\u2019ancien village colonial, Isserville. Cr\u00e9\u00e9 par arr\u00eat\u00e9 le 5 septembre 1872, le village a \u00e9t\u00e9 \u00e9rig\u00e9 en commune mixte en ao\u00fbt puis en commune de plein exercice par d\u00e9cret en d\u00e9cembre 1880. Il a \u00e9t\u00e9 nomm\u00e9 Isserville-les Issers en avril 1932. En 1871, la commission de colonisation et d\u2019immigration de la province d\u2019Alger\u00a0 avait pr\u00e9conis\u00e9 la construction d\u2019une \u00abville importante\u00bb en raison de ses \u00abexcellentes terres\u00bb et de ses \u00abeaux d\u2019irrigation abondantes \u00e0 l\u2019aide d\u2019un barrage sur l\u2019Isser\u00bb.(12)<br \/>Les terrains attribu\u00e9s aux colons provenaient des expropriations effectu\u00e9es par les autorit\u00e9s coloniales au lendemain de l\u2019insurrection de 1871. La distribution des premiers lots eut lieu en d\u00e9cembre de l\u2019ann\u00e9e suivante. \u00abCe centre est destin\u00e9, en raison de sa progression, \u00e0 devenir un point de culture des plus importants\u00bb, selon la m\u00eame commission et Charles-Claude Bernard.(13)<br \/><strong><em>M. A. H.<\/em><\/strong><\/p>\n<p class=\"c3\"><em><strong>Sources :<\/strong><br \/>(6) L\u2019\u00e2ge de pierre dans la r\u00e9gion de Bordj Mena\u00efel et sur la c\u00f4te, datant de 1906. Recueil des notices et m\u00e9moires de la Soci\u00e9t\u00e9 arch\u00e9ologique du d\u00e9partement de Constantine, 8e volume de la 4e s\u00e9rie, 39e volume de la collection ann\u00e9e 1905, Imprimerie D. Braham, Constantine, 1906<br \/>(7) Idem.<br \/>(8) Rapport d\u2019ensemble sur les travaux de la Commission de colonisation et d\u2019immigration de la province d\u2019Alger, Association ouvri\u00e8re, V. Aillaud et Cie, Alger, 1871.<br \/>(9) Note sur l\u2019arch\u00e9ologie du canton de Bordj Mena\u00efel, Revue africaine, n\u00b0216, 1er trimestre 1895, Alphonse Jourdan libraire-\u00e9diteur, Alger, 1895.<br \/>(10) Acad\u00e9mie des belles lettres, comptes rendus des s\u00e9ances de l\u2019ann\u00e9e 1898, 4e s\u00e9rie, tome 26, Imprimerie nationale, Paris.<br \/>(11) Idem.<br \/>(12) Rapport d\u2019ensemble sur les travaux de la commission de colonisation et d\u2019immigration de la province d\u2019Alger, Association ouvri\u00e8re, V. Aillaud et Cie, Alger, 1871.<br \/>(13) Notice topographique et m\u00e9dicale de la plaine de l\u2019Isser, Charles-Claude Bernard, imprimerie Mauguin, Blida, 1877.<\/em><\/p>\n<p>Auteur:<br \/>\n<a href=\"https:\/\/www.lesoirdalgerie.com\/reportage\/sur-les-traces-de-firmus-5e-partie-42394\">Cliquez ici pour lire l&rsquo;article depuis sa source.<\/a><\/p>\n","protected":false},"excerpt":{"rendered":"<p>Par Mohamed Arezki HimeurLes fouilles arch\u00e9ologiques sont \u00e0 l\u2019arr\u00eat du c\u00f4t\u00e9 de Tizi n\u2019Ath-A\u00efcha, actuel Th\u00e9nia, depuis la fin du XIXe si\u00e8cle. Le dernier document publi\u00e9 sur les recherches effectu\u00e9es dans la zone remonte \u00e0 1906. Aucune chance de savoir si cette cit\u00e9 fut r\u00e9ellement l\u2019un des fiefs du prince amazigh Firmus. Les preuves ont [&hellip;]<\/p>\n","protected":false},"author":1741,"featured_media":0,"comment_status":"closed","ping_status":"closed","sticky":false,"template":"","format":"standard","meta":{"fifu_image_url":"","fifu_image_alt":"","footnotes":""},"categories":[73,53],"tags":[],"class_list":["post-85708","post","type-post","status-publish","format-standard","hentry","category-actualite","category-algerie"],"_links":{"self":[{"href":"https:\/\/linitiative.ca\/International\/wp-json\/wp\/v2\/posts\/85708","targetHints":{"allow":["GET"]}}],"collection":[{"href":"https:\/\/linitiative.ca\/International\/wp-json\/wp\/v2\/posts"}],"about":[{"href":"https:\/\/linitiative.ca\/International\/wp-json\/wp\/v2\/types\/post"}],"author":[{"embeddable":true,"href":"https:\/\/linitiative.ca\/International\/wp-json\/wp\/v2\/users\/1741"}],"replies":[{"embeddable":true,"href":"https:\/\/linitiative.ca\/International\/wp-json\/wp\/v2\/comments?post=85708"}],"version-history":[{"count":0,"href":"https:\/\/linitiative.ca\/International\/wp-json\/wp\/v2\/posts\/85708\/revisions"}],"wp:attachment":[{"href":"https:\/\/linitiative.ca\/International\/wp-json\/wp\/v2\/media?parent=85708"}],"wp:term":[{"taxonomy":"category","embeddable":true,"href":"https:\/\/linitiative.ca\/International\/wp-json\/wp\/v2\/categories?post=85708"},{"taxonomy":"post_tag","embeddable":true,"href":"https:\/\/linitiative.ca\/International\/wp-json\/wp\/v2\/tags?post=85708"}],"curies":[{"name":"wp","href":"https:\/\/api.w.org\/{rel}","templated":true}]}}